{"id":3590,"date":"2023-01-05T16:23:57","date_gmt":"2023-01-05T16:23:57","guid":{"rendered":"https:\/\/ladepeche.mr\/?p=3590"},"modified":"2023-01-05T16:23:57","modified_gmt":"2023-01-05T16:23:57","slug":"an-ghabala-propulsee-deputee","status":"publish","type":"post","link":"https:\/\/ladepeche.mr\/?p=3590","title":{"rendered":"AN: Ghabala propuls\u00e9e d\u00e9put\u00e9e"},"content":{"rendered":"<p>Ghabala Haida, suppl\u00e9ante du d\u00e9put\u00e9, Fadili ould Sidaty, est propuls\u00e9e, d\u00e9put\u00e9 d\u2019Amourj \u00e0 l\u2019Assembl\u00e9e. L\u2019ex-d\u00e9put\u00e9 Fadili ould Sidaty  nomm\u00e9 en conseil des ministres dernier directeur g\u00e9n\u00e9ral de la nouvelle agence mauritanienne des affaires maritimes, lui c\u00e8de son fauteuil. Ghabala renforce ainsi la gente f\u00e9minine sous la coupole de l\u2019AN.<br \/>\nM\u00eame si ce n\u2019est que pour quelques mois encore, Ghabala Mint Haida devra h\u00e9riter des avantages de l\u2019ancien d\u00e9put\u00e9 titulaire et pouvoir participer aux derni\u00e8res s\u00e9ances de l\u2019AN avant les prochaines \u00e9lections l\u00e9gislatives.<\/p>\n","protected":false},"excerpt":{"rendered":"<p>Ghabala Haida, suppl\u00e9ante du d\u00e9put\u00e9, Fadili ould Sidaty, est propuls\u00e9e, d\u00e9put\u00e9 d\u2019Amourj \u00e0 l\u2019Assembl\u00e9e. L\u2019ex-d\u00e9put\u00e9 Fadili ould Sidaty nomm\u00e9 en conseil des ministres dernier directeur g\u00e9n\u00e9ral de la nouvelle agence mauritanienne des affaires maritimes, lui c\u00e8de son fauteuil. Ghabala renforce ainsi la gente f\u00e9minine sous la coupole de l\u2019AN. M\u00eame si ce n\u2019est que pour &hellip;<\/p>\n","protected":false},"author":2,"featured_media":3592,"comment_status":"open","ping_status":"open","sticky":false,"template":"","format":"standard","meta":{"footnotes":""},"categories":[25,1],"tags":[],"class_list":["post-3590","post","type-post","status-publish","format-standard","has-post-thumbnail","hentry","category-en-forme","category-uncategorized"],"_links":{"self":[{"href":"https:\/\/ladepeche.mr\/index.php?rest_route=\/wp\/v2\/posts\/3590","targetHints":{"allow":["GET"]}}],"collection":[{"href":"https:\/\/ladepeche.mr\/index.php?rest_route=\/wp\/v2\/posts"}],"about":[{"href":"https:\/\/ladepeche.mr\/index.php?rest_route=\/wp\/v2\/types\/post"}],"author":[{"embeddable":true,"href":"https:\/\/ladepeche.mr\/index.php?rest_route=\/wp\/v2\/users\/2"}],"replies":[{"embeddable":true,"href":"https:\/\/ladepeche.mr\/index.php?rest_route=%2Fwp%2Fv2%2Fcomments&post=3590"}],"version-history":[{"count":2,"href":"https:\/\/ladepeche.mr\/index.php?rest_route=\/wp\/v2\/posts\/3590\/revisions"}],"predecessor-version":[{"id":3593,"href":"https:\/\/ladepeche.mr\/index.php?rest_route=\/wp\/v2\/posts\/3590\/revisions\/3593"}],"wp:featuredmedia":[{"embeddable":true,"href":"https:\/\/ladepeche.mr\/index.php?rest_route=\/wp\/v2\/media\/3592"}],"wp:attachment":[{"href":"https:\/\/ladepeche.mr\/index.php?rest_route=%2Fwp%2Fv2%2Fmedia&parent=3590"}],"wp:term":[{"taxonomy":"category","embeddable":true,"href":"https:\/\/ladepeche.mr\/index.php?rest_route=%2Fwp%2Fv2%2Fcategories&post=3590"},{"taxonomy":"post_tag","embeddable":true,"href":"https:\/\/ladepeche.mr\/index.php?rest_route=%2Fwp%2Fv2%2Ftags&post=3590"}],"curies":[{"name":"wp","href":"https:\/\/api.w.org\/{rel}","templated":true}]}}