{"id":3604,"date":"2023-01-07T23:03:19","date_gmt":"2023-01-07T23:03:19","guid":{"rendered":"https:\/\/ladepeche.mr\/?p=3604"},"modified":"2023-01-07T23:03:19","modified_gmt":"2023-01-07T23:03:19","slug":"le-president-de-la-republique-supervise-la-ceremonie-de-declaration-de-la-ville-de-nouakchott-capitale-culturelle-du-monde-islamique-pour-lannee-2023","status":"publish","type":"post","link":"https:\/\/ladepeche.mr\/?p=3604","title":{"rendered":"Le Pr\u00e9sident de la R\u00e9publique supervise la c\u00e9r\u00e9monie de d\u00e9claration de la ville de Nouakchott capitale culturelle du Monde islamique pour l\u2019ann\u00e9e 2023"},"content":{"rendered":"<p>Le Pr\u00e9sident de de la R\u00e9publique, Son Excellence Monsieur Mohamed Ould Cheikh El Ghazouani a supervis\u00e9, vendredi \u00e0 Nouakchott, la c\u00e9r\u00e9monie comm\u00e9morant la d\u00e9claration de la ville de Nouakchott, capitale culturelle du Monde islamique pour l\u2019ann\u00e9e 2023.<\/p>\n<p>La manifestation a donn\u00e9 lieu \u00e0 la projection d\u2019un documentaire sur la diplomatie culturelle de notre pays et l\u2019important r\u00f4le jou\u00e9 par les mauritaniens dans la propagation de la culture et du savoir de par le monde.<\/p>\n<p>Dans ce cadre, des \u00e9l\u00e8ves de l\u2019enseignement fondamental ont, pour leur part, montr\u00e9, \u00e0 travers leur participation, l\u2019int\u00e9r\u00eat que joue l\u2019\u00e9cole r\u00e9publicaine dans le renforcement de l\u2019unit\u00e9 nationale, de la coh\u00e9sion sociale, de l\u2019instauration de la justice, de la transparence, de la d\u00e9mocratie et le respect des droits de l\u2019Homme avant de suivre avec l\u2019assistance des \u00e9loges du Proph\u00e8te Mohamed PSL pr\u00e9sent\u00e9es par des troupes artistiques.<\/p>\n<p>Au cours de la c\u00e9r\u00e9monie, le secr\u00e9taire g\u00e9n\u00e9ral de la commission nationale de l\u2019\u00e9ducation, de la culture et de la science, M. Mohamed Ould Sidi Abdallah a pr\u00e9sent\u00e9 le programme annuel de cette manifestation culturelle, mettant en exergue l\u2019importance des diff\u00e9rentes activit\u00e9s qui seront organis\u00e9es dans ce cadre.<\/p>\n<p>Elle a \u00e9t\u00e9 aussi marqu\u00e9e par la remise de l\u2019embl\u00e8me de la d\u00e9claration de Nouakchott capitale de la culture du Monde islamique pour l\u2019ann\u00e9e 2023 \u00e0 la pr\u00e9sidente du conseil r\u00e9gional, Mme Fatimetou Mint Abdel Malik par le directeur g\u00e9n\u00e9ral de l\u2019organisation Mondiale islamique pour l\u2019\u00e9ducation, les sciences et la culture, Dr. Salem ben Mohammed El-Malik.<\/p>\n<p>Au terme de la manifestation, le Pr\u00e9sident de la R\u00e9publique a visit\u00e9 les diff\u00e9rentes expositions, et suivi des explications d\u00e9taill\u00e9es mettant en relief la richesse et la diversit\u00e9 du patrimoine culturel mauritanien.<br \/>\nLire la suite sur: https:\/\/ami.mr\/fr\/index.php\/2023\/01\/06\/le-president-de-la-republique-supervise-la-ceremonie-de-declaration-de-la-ville-de-nouakchott-capitale-culturelle-du-monde-islamique-pour-lannee-2023\/<\/p>\n","protected":false},"excerpt":{"rendered":"<p>Le Pr\u00e9sident de de la R\u00e9publique, Son Excellence Monsieur Mohamed Ould Cheikh El Ghazouani a supervis\u00e9, vendredi \u00e0 Nouakchott, la c\u00e9r\u00e9monie comm\u00e9morant la d\u00e9claration de la ville de Nouakchott, capitale culturelle du Monde islamique pour l\u2019ann\u00e9e 2023. La manifestation a donn\u00e9 lieu \u00e0 la projection d\u2019un documentaire sur la diplomatie culturelle de notre pays et &hellip;<\/p>\n","protected":false},"author":2,"featured_media":3605,"comment_status":"open","ping_status":"open","sticky":false,"template":"","format":"standard","meta":{"footnotes":""},"categories":[18,15,29],"tags":[],"class_list":["post-3604","post","type-post","status-publish","format-standard","has-post-thumbnail","hentry","category-actualites","category-culture","category-monde"],"_links":{"self":[{"href":"https:\/\/ladepeche.mr\/index.php?rest_route=\/wp\/v2\/posts\/3604","targetHints":{"allow":["GET"]}}],"collection":[{"href":"https:\/\/ladepeche.mr\/index.php?rest_route=\/wp\/v2\/posts"}],"about":[{"href":"https:\/\/ladepeche.mr\/index.php?rest_route=\/wp\/v2\/types\/post"}],"author":[{"embeddable":true,"href":"https:\/\/ladepeche.mr\/index.php?rest_route=\/wp\/v2\/users\/2"}],"replies":[{"embeddable":true,"href":"https:\/\/ladepeche.mr\/index.php?rest_route=%2Fwp%2Fv2%2Fcomments&post=3604"}],"version-history":[{"count":2,"href":"https:\/\/ladepeche.mr\/index.php?rest_route=\/wp\/v2\/posts\/3604\/revisions"}],"predecessor-version":[{"id":3607,"href":"https:\/\/ladepeche.mr\/index.php?rest_route=\/wp\/v2\/posts\/3604\/revisions\/3607"}],"wp:featuredmedia":[{"embeddable":true,"href":"https:\/\/ladepeche.mr\/index.php?rest_route=\/wp\/v2\/media\/3605"}],"wp:attachment":[{"href":"https:\/\/ladepeche.mr\/index.php?rest_route=%2Fwp%2Fv2%2Fmedia&parent=3604"}],"wp:term":[{"taxonomy":"category","embeddable":true,"href":"https:\/\/ladepeche.mr\/index.php?rest_route=%2Fwp%2Fv2%2Fcategories&post=3604"},{"taxonomy":"post_tag","embeddable":true,"href":"https:\/\/ladepeche.mr\/index.php?rest_route=%2Fwp%2Fv2%2Ftags&post=3604"}],"curies":[{"name":"wp","href":"https:\/\/api.w.org\/{rel}","templated":true}]}}