{"id":3632,"date":"2023-01-10T11:01:48","date_gmt":"2023-01-10T11:01:48","guid":{"rendered":"https:\/\/ladepeche.mr\/?p=3632"},"modified":"2023-01-10T11:01:48","modified_gmt":"2023-01-10T11:01:48","slug":"politique-emu-denonce-linterpellation-de-lun-de-ses-militants","status":"publish","type":"post","link":"https:\/\/ladepeche.mr\/?p=3632","title":{"rendered":"Politique: \u00c9MU d\u00e9nonce l\u2019interpellation de l&#8217;un de ses militants"},"content":{"rendered":"<p>La mouvance politique fond\u00e9e par l\u2019ancien pr\u00e9sident, Mohamed Ould Abdel Aziz, a d\u00e9nonc\u00e9 dans une d\u00e9claration l\u2019interpellation lundi soir \u00e0 l\u2019a\u00e9roport de Nouakchott de l\u2019un de ses militants.<br \/>\nSelon cette d\u00e9claration, Demine (photo) aurait \u00e9t\u00e9 interpell\u00e9 par la gendarmerie de l\u2019a\u00e9roport Oum Tounsi. L\u2019int\u00e9ress\u00e9 qui serait de nationalit\u00e9 fran\u00e7aise aurait fait l\u2019objet de fouilles minutieuses par la gendarmerie. Demine aurait rat\u00e9 son vol \u00e0 cause du retard inflig\u00e9 par les fouilles de la gendarmerie.<br \/>\nSelon la m\u00eame source, la gendarmerie n\u2019a pas voulu donner d\u2019explication \u00e0 l\u2019int\u00e9ress\u00e9 sur l\u2019objet des fouilles.<\/p>\n","protected":false},"excerpt":{"rendered":"<p>La mouvance politique fond\u00e9e par l\u2019ancien pr\u00e9sident, Mohamed Ould Abdel Aziz, a d\u00e9nonc\u00e9 dans une d\u00e9claration l\u2019interpellation lundi soir \u00e0 l\u2019a\u00e9roport de Nouakchott de l\u2019un de ses militants. Selon cette d\u00e9claration, Demine (photo) aurait \u00e9t\u00e9 interpell\u00e9 par la gendarmerie de l\u2019a\u00e9roport Oum Tounsi. L\u2019int\u00e9ress\u00e9 qui serait de nationalit\u00e9 fran\u00e7aise aurait fait l\u2019objet de fouilles minutieuses &hellip;<\/p>\n","protected":false},"author":2,"featured_media":3633,"comment_status":"open","ping_status":"open","sticky":false,"template":"","format":"standard","meta":{"footnotes":""},"categories":[18],"tags":[],"class_list":["post-3632","post","type-post","status-publish","format-standard","has-post-thumbnail","hentry","category-actualites"],"_links":{"self":[{"href":"https:\/\/ladepeche.mr\/index.php?rest_route=\/wp\/v2\/posts\/3632","targetHints":{"allow":["GET"]}}],"collection":[{"href":"https:\/\/ladepeche.mr\/index.php?rest_route=\/wp\/v2\/posts"}],"about":[{"href":"https:\/\/ladepeche.mr\/index.php?rest_route=\/wp\/v2\/types\/post"}],"author":[{"embeddable":true,"href":"https:\/\/ladepeche.mr\/index.php?rest_route=\/wp\/v2\/users\/2"}],"replies":[{"embeddable":true,"href":"https:\/\/ladepeche.mr\/index.php?rest_route=%2Fwp%2Fv2%2Fcomments&post=3632"}],"version-history":[{"count":1,"href":"https:\/\/ladepeche.mr\/index.php?rest_route=\/wp\/v2\/posts\/3632\/revisions"}],"predecessor-version":[{"id":3634,"href":"https:\/\/ladepeche.mr\/index.php?rest_route=\/wp\/v2\/posts\/3632\/revisions\/3634"}],"wp:featuredmedia":[{"embeddable":true,"href":"https:\/\/ladepeche.mr\/index.php?rest_route=\/wp\/v2\/media\/3633"}],"wp:attachment":[{"href":"https:\/\/ladepeche.mr\/index.php?rest_route=%2Fwp%2Fv2%2Fmedia&parent=3632"}],"wp:term":[{"taxonomy":"category","embeddable":true,"href":"https:\/\/ladepeche.mr\/index.php?rest_route=%2Fwp%2Fv2%2Fcategories&post=3632"},{"taxonomy":"post_tag","embeddable":true,"href":"https:\/\/ladepeche.mr\/index.php?rest_route=%2Fwp%2Fv2%2Ftags&post=3632"}],"curies":[{"name":"wp","href":"https:\/\/api.w.org\/{rel}","templated":true}]}}