{"id":3648,"date":"2023-01-11T11:54:31","date_gmt":"2023-01-11T11:54:31","guid":{"rendered":"https:\/\/ladepeche.mr\/?p=3648"},"modified":"2023-01-11T11:54:31","modified_gmt":"2023-01-11T11:54:31","slug":"affaire-aziz-la-defense-remet-en-cause-leventualite-dun-proces-equitable","status":"publish","type":"post","link":"https:\/\/ladepeche.mr\/?p=3648","title":{"rendered":"Affaire Aziz : La d\u00e9fense remet en cause l\u2019\u00e9ventualit\u00e9 d\u2019un proc\u00e8s \u00e9quitable"},"content":{"rendered":"<p>Le collectif des avocats de l\u2019ancien pr\u00e9sident, Mohamed Ould Abdel Aziz, dit ne plus croire \u00e0 la possibilit\u00e9 d\u2019une comparution de son client dans un proc\u00e8s \u00e9quitable.<br \/>\nCette assertion est intervenue dans le dernier communiqu\u00e9 du collectif r\u00e9agissant \u00e0 l\u2019emp\u00eachement de voyager oppos\u00e9 mercredi 4 janvier \u00e0 l\u2019ancien pr\u00e9sident Mohamed Abdel Aziz qui s\u2019appr\u00eatait \u00e0 se rendre en France.<br \/>\nLe collectif, rappelle, par ailleurs, que son client avait \u00e9t\u00e9 aussi emp\u00each\u00e9 quelques jours plus t\u00f4t par le pouvoir de se rendre dans le Trarza \u00ab , dans le cadre de ses activit\u00e9s politiques, sans qu\u2019aucune convocation ne lui ait \u00e9t\u00e9 envoy\u00e9e au pr\u00e9alable \u00bb.<\/p>\n<p>R\u00e9cusant le fait qu\u2019une quelconque convocation ait \u00e9t\u00e9 transmise \u00e0 l\u2019int\u00e9ress\u00e9, le collectif estime m\u00eame \u00abill\u00e9galit\u00e9 \u00bb l\u2019atteinte \u00e0 la libert\u00e9 d\u2019aller et venir garantie par la Constitution.<br \/>\nLa d\u00e9fense s\u2019en est pris au parquet l\u2019accusant de \u00abfermer les yeux \u00bb sur \u00ab cette violation grave des libert\u00e9s pourtant garanties par constitution, lois dont le parquet est cens\u00e9 veiller \u00e0 l\u2019application \u00bb.<\/p>\n<p>Ci-apr\u00e8s l\u2019int\u00e9gralit\u00e9 du communiqu\u00e9 du collectif de d\u00e9fense<strong><\/p>\n<p>Il y a lieu de pr\u00e9ciser que l\u2019emp\u00eachement de l\u2019ancien pr\u00e9sident de la r\u00e9publique de prendre l\u2019avion pour la France, alors qu\u2019il \u00e9tait au seuil de l\u2019embarquement apr\u00e8s avoir rempli toutes les formalit\u00e9s \u00e0 cet effet, est une violation flagrante du droit d\u2019aller et de venir qui est un droit fondamental garanti par la constitution.<\/p>\n<p>les all\u00e9gations aux termes desquelles, il aurait \u00e9t\u00e9 emp\u00each\u00e9 de voyager en application d\u2019une convocation, sont d\u00e9nu\u00e9es de tout fondement, et appellent de notre part les \u00e9claircissements suivants :<\/p>\n<p>1) Au moment de s\u2019envoler pour la France, l\u2019ancien pr\u00e9sident n\u2019avait re\u00e7u aucune convocation ; c\u2019est seulement le lendemain de son emp\u00eachement de voyager qu\u2019une telle convocation lui a \u00e9t\u00e9 envoy\u00e9e.<\/p>\n<p>2) A supposer qu\u2019une convocation lui ait \u00e9t\u00e9 envoy\u00e9e, elle ne saurait constituer un emp\u00eachement \u00e0 son droit d\u2019aller et de venir de la mani\u00e8re qui lui pla\u00eet et en direction de la destination de son choix, une convocation ne pouvant de quelque mani\u00e8re que ce soit, faire obstacle \u00e0 l\u2019exercice d\u2019un droit constitutionnel.<\/p>\n<p>3) Notre client avait \u00e9t\u00e9 emp\u00each\u00e9 quelques jours plus t\u00f4t de se rendre \u00e0 la wilaya du Trarza, dans le cadre de ses activit\u00e9s politiques, sans qu\u2019aucune convocation ne lui ait \u00e9t\u00e9 envoy\u00e9e au pr\u00e9alable.<\/p>\n<p>4) Il y a lieu de pr\u00e9ciser que les libert\u00e9s individuelles ne doivent souffrir d\u2019aucune restriction en dehors d\u2019un texte de loi \u00e0 cet effet, et toute attitude attentatoire \u00e0 la libert\u00e9 individuelle, ou \u00e0 la constitution emporte en elle contre l\u2019auteur, une cause de condamnation \u00e0 la d\u00e9gradation civique, en application de l\u2019article 111 du code p\u00e9nal, et de poursuivre dans l\u2019article suivant que si l\u2019acte attentatoire \u00e0 la constitution ou \u00e0 la libert\u00e9 individuelle provient d\u2019un ministre, celui-ci doit \u00eatre puni des travaux forc\u00e9s \u00e0 temps.<\/p>\n<p>5)Il est regrettable que le parquet g\u00e9n\u00e9ral ait ferm\u00e9 les yeux sur cette violation grave des libert\u00e9s pourtant garanties par constitution, lois dont le parquet est cens\u00e9 veiller \u00e0 l\u2019application.<\/p>\n<p>6) A force de voir les droits fondamentaux de notre client viol\u00e9s, jusque et y compris \u00e0 la veille de sa comparution devant la juridiction de jugement, il ne reste plus grand espoir qu\u2019il puisse b\u00e9n\u00e9ficier d\u2019un proc\u00e8s \u00e9quitable.<\/p>\n<p>Le Collectif.<\/p>\n<p>Nouakchott le 5 janvier 2022. <\/p>\n","protected":false},"excerpt":{"rendered":"<p>Le collectif des avocats de l\u2019ancien pr\u00e9sident, Mohamed Ould Abdel Aziz, dit ne plus croire \u00e0 la possibilit\u00e9 d\u2019une comparution de son client dans un proc\u00e8s \u00e9quitable. Cette assertion est intervenue dans le dernier communiqu\u00e9 du collectif r\u00e9agissant \u00e0 l\u2019emp\u00eachement de voyager oppos\u00e9 mercredi 4 janvier \u00e0 l\u2019ancien pr\u00e9sident Mohamed Abdel Aziz qui s\u2019appr\u00eatait \u00e0 &hellip;<\/p>\n","protected":false},"author":2,"featured_media":3650,"comment_status":"open","ping_status":"open","sticky":false,"template":"","format":"standard","meta":{"footnotes":""},"categories":[18],"tags":[],"class_list":["post-3648","post","type-post","status-publish","format-standard","has-post-thumbnail","hentry","category-actualites"],"_links":{"self":[{"href":"https:\/\/ladepeche.mr\/index.php?rest_route=\/wp\/v2\/posts\/3648","targetHints":{"allow":["GET"]}}],"collection":[{"href":"https:\/\/ladepeche.mr\/index.php?rest_route=\/wp\/v2\/posts"}],"about":[{"href":"https:\/\/ladepeche.mr\/index.php?rest_route=\/wp\/v2\/types\/post"}],"author":[{"embeddable":true,"href":"https:\/\/ladepeche.mr\/index.php?rest_route=\/wp\/v2\/users\/2"}],"replies":[{"embeddable":true,"href":"https:\/\/ladepeche.mr\/index.php?rest_route=%2Fwp%2Fv2%2Fcomments&post=3648"}],"version-history":[{"count":1,"href":"https:\/\/ladepeche.mr\/index.php?rest_route=\/wp\/v2\/posts\/3648\/revisions"}],"predecessor-version":[{"id":3649,"href":"https:\/\/ladepeche.mr\/index.php?rest_route=\/wp\/v2\/posts\/3648\/revisions\/3649"}],"wp:featuredmedia":[{"embeddable":true,"href":"https:\/\/ladepeche.mr\/index.php?rest_route=\/wp\/v2\/media\/3650"}],"wp:attachment":[{"href":"https:\/\/ladepeche.mr\/index.php?rest_route=%2Fwp%2Fv2%2Fmedia&parent=3648"}],"wp:term":[{"taxonomy":"category","embeddable":true,"href":"https:\/\/ladepeche.mr\/index.php?rest_route=%2Fwp%2Fv2%2Fcategories&post=3648"},{"taxonomy":"post_tag","embeddable":true,"href":"https:\/\/ladepeche.mr\/index.php?rest_route=%2Fwp%2Fv2%2Ftags&post=3648"}],"curies":[{"name":"wp","href":"https:\/\/api.w.org\/{rel}","templated":true}]}}