{"id":3653,"date":"2023-01-11T17:01:11","date_gmt":"2023-01-11T17:01:11","guid":{"rendered":"https:\/\/ladepeche.mr\/?p=3653"},"modified":"2023-01-11T17:02:16","modified_gmt":"2023-01-11T17:02:16","slug":"g5sahel-les-ministres-de-la-defense-approuvent-une-restructuration-du-groupe","status":"publish","type":"post","link":"https:\/\/ladepeche.mr\/?p=3653","title":{"rendered":"G5Sahel: Les ministres de la d\u00e9fense approuvent une restructuration du groupe"},"content":{"rendered":"<p>Les ministres de la d\u00e9fense du G5 Sahel ont approuv\u00e9, au cours d\u2019une r\u00e9union tenue les 9 et 10 janvier courant, une nouvelle restructuration du groupe et la r\u00e9organisation de sa force conjointe, afin d\u2019accro\u00eetre ses capacit\u00e9s de combat et de r\u00e9ponse aux exigences de la situation.<\/p>\n<p>Le communiqu\u00e9 final sanctionnant la r\u00e9union des ministres de la d\u00e9fense et des chefs d\u2019\u00e9tats-majors des forces arm\u00e9es du G5 Sahel appelle les partenaires du groupe et ses soutiens internationaux accompagner les efforts visant \u00e0 constituer la forces commune et l\u2019am\u00e9lioration de son op\u00e9rationnalit\u00e9 pour face aux d\u00e9fis s\u00e9curitaires dans la zone du G5 Sahel.<\/p>\n<p>La Mauritanie a \u00e9t\u00e9 repr\u00e9sent\u00e9e \u00e0 cette r\u00e9union par le ministre de la D\u00e9fense nationale, M. Hanana Ould Sidi, le chef d\u2019\u00e9tat-major g\u00e9n\u00e9ral des arm\u00e9es, le g\u00e9n\u00e9ral de division, Moctar Bella Cheibani, le commandant du d\u00e9tachement d\u2019appui \u00e0 l\u2019\u00e9tat-major g\u00e9n\u00e9ral des arm\u00e9es, le g\u00e9n\u00e9ral de brigade Diallo Sa\u00efdou et le directeur du coll\u00e8ge de d\u00e9fense du G5 Sahel, le G\u00e9n\u00e9ral de brigade Brahim Vall Ould Cheibani.<br \/>\nAmi<\/p>\n","protected":false},"excerpt":{"rendered":"<p>Les ministres de la d\u00e9fense du G5 Sahel ont approuv\u00e9, au cours d\u2019une r\u00e9union tenue les 9 et 10 janvier courant, une nouvelle restructuration du groupe et la r\u00e9organisation de sa force conjointe, afin d\u2019accro\u00eetre ses capacit\u00e9s de combat et de r\u00e9ponse aux exigences de la situation. Le communiqu\u00e9 final sanctionnant la r\u00e9union des ministres &hellip;<\/p>\n","protected":false},"author":2,"featured_media":3654,"comment_status":"open","ping_status":"open","sticky":false,"template":"","format":"standard","meta":{"footnotes":""},"categories":[18,29,28],"tags":[],"class_list":["post-3653","post","type-post","status-publish","format-standard","has-post-thumbnail","hentry","category-actualites","category-monde","category-sahel"],"_links":{"self":[{"href":"https:\/\/ladepeche.mr\/index.php?rest_route=\/wp\/v2\/posts\/3653","targetHints":{"allow":["GET"]}}],"collection":[{"href":"https:\/\/ladepeche.mr\/index.php?rest_route=\/wp\/v2\/posts"}],"about":[{"href":"https:\/\/ladepeche.mr\/index.php?rest_route=\/wp\/v2\/types\/post"}],"author":[{"embeddable":true,"href":"https:\/\/ladepeche.mr\/index.php?rest_route=\/wp\/v2\/users\/2"}],"replies":[{"embeddable":true,"href":"https:\/\/ladepeche.mr\/index.php?rest_route=%2Fwp%2Fv2%2Fcomments&post=3653"}],"version-history":[{"count":1,"href":"https:\/\/ladepeche.mr\/index.php?rest_route=\/wp\/v2\/posts\/3653\/revisions"}],"predecessor-version":[{"id":3655,"href":"https:\/\/ladepeche.mr\/index.php?rest_route=\/wp\/v2\/posts\/3653\/revisions\/3655"}],"wp:featuredmedia":[{"embeddable":true,"href":"https:\/\/ladepeche.mr\/index.php?rest_route=\/wp\/v2\/media\/3654"}],"wp:attachment":[{"href":"https:\/\/ladepeche.mr\/index.php?rest_route=%2Fwp%2Fv2%2Fmedia&parent=3653"}],"wp:term":[{"taxonomy":"category","embeddable":true,"href":"https:\/\/ladepeche.mr\/index.php?rest_route=%2Fwp%2Fv2%2Fcategories&post=3653"},{"taxonomy":"post_tag","embeddable":true,"href":"https:\/\/ladepeche.mr\/index.php?rest_route=%2Fwp%2Fv2%2Ftags&post=3653"}],"curies":[{"name":"wp","href":"https:\/\/api.w.org\/{rel}","templated":true}]}}