{"id":3661,"date":"2023-01-12T18:14:21","date_gmt":"2023-01-12T18:14:21","guid":{"rendered":"https:\/\/ladepeche.mr\/?p=3661"},"modified":"2023-01-12T18:32:10","modified_gmt":"2023-01-12T18:32:10","slug":"affaire-aziz-les-principaux-prevenus-devant-le-tribunal-correctionnel","status":"publish","type":"post","link":"https:\/\/ladepeche.mr\/?p=3661","title":{"rendered":"Affaire Aziz: Les principaux pr\u00e9venus devant le tribunal correctionnel"},"content":{"rendered":"<p>Les principaux pr\u00e9venus dans le dossier dit de la d\u00e9cennie ont comparu jeudi matin devant le tribunal correctionnel sp\u00e9cialis\u00e9 dans la lutte contre la corruption.<\/p>\n<p>Le pr\u00e9sident du tribunal correctionnel, le juge Amar Ould Mohamed Elemine, a entendu tous les pr\u00e9venus, un \u00e0 un, en pr\u00e9sence de leurs diff\u00e9rents avocats avant de leur confirmer leur convocation pour les assises du proc\u00e8s le 25 janvier 2023.<\/p>\n<p>A noter que seul Mohamed Lemine Bebatt, \u00e9vacu\u00e9 sanitaire en Espagne. qui s\u2019est fait repr\u00e9senter par son avocat, manquait \u00e0 cette s\u00e9ance pr\u00e9liminaire en pr\u00e9vision de l\u2019ouverture du proc\u00e8s le 25 janvier prochain.<\/p>\n<p>Le proc\u00e8s de l\u2019ancien pr\u00e9sident, Mohamed Ould Abdel Aziz (2009-2019) fait suite \u00e0 une enqu\u00eate d\u2019une commission parlementaire mise en place au lendemain de la transition d\u00e9mocratique dans le pays pour faire la lumi\u00e8re sur deux d\u00e9cennies de gestion des deniers sous l\u2019ancien r\u00e9gime. <\/p>\n<p>Plus de 300 personnes avaient \u00e9t\u00e9 cit\u00e9es pour leur participation directe ou leur complicit\u00e9 \u00e0 la \u00ab mauvaise gouvernance \u00bb des secteurs d\u2019activit\u00e9s \u00e9conomiques dans le pays. <\/p>\n","protected":false},"excerpt":{"rendered":"<p>Les principaux pr\u00e9venus dans le dossier dit de la d\u00e9cennie ont comparu jeudi matin devant le tribunal correctionnel sp\u00e9cialis\u00e9 dans la lutte contre la corruption. Le pr\u00e9sident du tribunal correctionnel, le juge Amar Ould Mohamed Elemine, a entendu tous les pr\u00e9venus, un \u00e0 un, en pr\u00e9sence de leurs diff\u00e9rents avocats avant de leur confirmer leur &hellip;<\/p>\n","protected":false},"author":2,"featured_media":3662,"comment_status":"open","ping_status":"open","sticky":false,"template":"","format":"standard","meta":{"footnotes":""},"categories":[18,2],"tags":[],"class_list":["post-3661","post","type-post","status-publish","format-standard","has-post-thumbnail","hentry","category-actualites","category-economie"],"_links":{"self":[{"href":"https:\/\/ladepeche.mr\/index.php?rest_route=\/wp\/v2\/posts\/3661","targetHints":{"allow":["GET"]}}],"collection":[{"href":"https:\/\/ladepeche.mr\/index.php?rest_route=\/wp\/v2\/posts"}],"about":[{"href":"https:\/\/ladepeche.mr\/index.php?rest_route=\/wp\/v2\/types\/post"}],"author":[{"embeddable":true,"href":"https:\/\/ladepeche.mr\/index.php?rest_route=\/wp\/v2\/users\/2"}],"replies":[{"embeddable":true,"href":"https:\/\/ladepeche.mr\/index.php?rest_route=%2Fwp%2Fv2%2Fcomments&post=3661"}],"version-history":[{"count":3,"href":"https:\/\/ladepeche.mr\/index.php?rest_route=\/wp\/v2\/posts\/3661\/revisions"}],"predecessor-version":[{"id":3665,"href":"https:\/\/ladepeche.mr\/index.php?rest_route=\/wp\/v2\/posts\/3661\/revisions\/3665"}],"wp:featuredmedia":[{"embeddable":true,"href":"https:\/\/ladepeche.mr\/index.php?rest_route=\/wp\/v2\/media\/3662"}],"wp:attachment":[{"href":"https:\/\/ladepeche.mr\/index.php?rest_route=%2Fwp%2Fv2%2Fmedia&parent=3661"}],"wp:term":[{"taxonomy":"category","embeddable":true,"href":"https:\/\/ladepeche.mr\/index.php?rest_route=%2Fwp%2Fv2%2Fcategories&post=3661"},{"taxonomy":"post_tag","embeddable":true,"href":"https:\/\/ladepeche.mr\/index.php?rest_route=%2Fwp%2Fv2%2Ftags&post=3661"}],"curies":[{"name":"wp","href":"https:\/\/api.w.org\/{rel}","templated":true}]}}