{"id":3682,"date":"2023-01-16T13:50:51","date_gmt":"2023-01-16T13:50:51","guid":{"rendered":"https:\/\/ladepeche.mr\/?p=3682"},"modified":"2023-01-16T19:32:45","modified_gmt":"2023-01-16T19:32:45","slug":"mali-mauritanie-un-mauritanien-tue-a-la-frontiere","status":"publish","type":"post","link":"https:\/\/ladepeche.mr\/?p=3682","title":{"rendered":"Mali-Mauritanie : Un mauritanien tu\u00e9 \u00e0 la fronti\u00e8re"},"content":{"rendered":"<p>Un mauritanien, Didi Ould Mohamed Lemine (photo carte nationale d&#8217;Identit\u00e9), a \u00e9t\u00e9 retrouv\u00e9 mort dans une localit\u00e9 malienne, pr\u00e8s de la fronti\u00e8re mauritanienne, affirme le site atlasinfo.<br \/>\nSelon ce site arabophone, citant des sources des populations locales, Didi Ould Mohamed Lemine aurait \u00e9t\u00e9 assassin\u00e9. Le site assure que de fortes pr\u00e9somptions de responsabilit\u00e9 dans la mort du citoyen mauritanien p\u00e8sent sur l\u2019Arm\u00e9e malienne et sur les milices Wagner qui d\u00e9tiendraient encore le v\u00e9hicule de la victime.<br \/>\nLes autorit\u00e9s maliennes saisies par celles de notre pays avaient lanc\u00e9 une enqu\u00eate pour la lumi\u00e8re sur plusieurs dizaines de mauritaniens tu\u00e9s dans des circonstances impliquant les forces arm\u00e9es maliennes ces derniers mois.<br \/>\nactualis\u00e9<\/p>\n","protected":false},"excerpt":{"rendered":"<p>Un mauritanien, Didi Ould Mohamed Lemine (photo carte nationale d&#8217;Identit\u00e9), a \u00e9t\u00e9 retrouv\u00e9 mort dans une localit\u00e9 malienne, pr\u00e8s de la fronti\u00e8re mauritanienne, affirme le site atlasinfo. Selon ce site arabophone, citant des sources des populations locales, Didi Ould Mohamed Lemine aurait \u00e9t\u00e9 assassin\u00e9. Le site assure que de fortes pr\u00e9somptions de responsabilit\u00e9 dans la &hellip;<\/p>\n","protected":false},"author":2,"featured_media":3683,"comment_status":"open","ping_status":"open","sticky":false,"template":"","format":"standard","meta":{"footnotes":""},"categories":[18,28],"tags":[],"class_list":["post-3682","post","type-post","status-publish","format-standard","has-post-thumbnail","hentry","category-actualites","category-sahel"],"_links":{"self":[{"href":"https:\/\/ladepeche.mr\/index.php?rest_route=\/wp\/v2\/posts\/3682","targetHints":{"allow":["GET"]}}],"collection":[{"href":"https:\/\/ladepeche.mr\/index.php?rest_route=\/wp\/v2\/posts"}],"about":[{"href":"https:\/\/ladepeche.mr\/index.php?rest_route=\/wp\/v2\/types\/post"}],"author":[{"embeddable":true,"href":"https:\/\/ladepeche.mr\/index.php?rest_route=\/wp\/v2\/users\/2"}],"replies":[{"embeddable":true,"href":"https:\/\/ladepeche.mr\/index.php?rest_route=%2Fwp%2Fv2%2Fcomments&post=3682"}],"version-history":[{"count":4,"href":"https:\/\/ladepeche.mr\/index.php?rest_route=\/wp\/v2\/posts\/3682\/revisions"}],"predecessor-version":[{"id":3690,"href":"https:\/\/ladepeche.mr\/index.php?rest_route=\/wp\/v2\/posts\/3682\/revisions\/3690"}],"wp:featuredmedia":[{"embeddable":true,"href":"https:\/\/ladepeche.mr\/index.php?rest_route=\/wp\/v2\/media\/3683"}],"wp:attachment":[{"href":"https:\/\/ladepeche.mr\/index.php?rest_route=%2Fwp%2Fv2%2Fmedia&parent=3682"}],"wp:term":[{"taxonomy":"category","embeddable":true,"href":"https:\/\/ladepeche.mr\/index.php?rest_route=%2Fwp%2Fv2%2Fcategories&post=3682"},{"taxonomy":"post_tag","embeddable":true,"href":"https:\/\/ladepeche.mr\/index.php?rest_route=%2Fwp%2Fv2%2Ftags&post=3682"}],"curies":[{"name":"wp","href":"https:\/\/api.w.org\/{rel}","templated":true}]}}