{"id":3685,"date":"2023-01-16T16:21:21","date_gmt":"2023-01-16T16:21:21","guid":{"rendered":"https:\/\/ladepeche.mr\/?p=3685"},"modified":"2023-01-16T16:21:21","modified_gmt":"2023-01-16T16:21:21","slug":"maroc-algerie-mandla-mandela-le-chan-et-le-sahara-occidental","status":"publish","type":"post","link":"https:\/\/ladepeche.mr\/?p=3685","title":{"rendered":"Maroc-Alg\u00e9rie : Mandla Mandela, le Chan et le Sahara occidental"},"content":{"rendered":"<p>Lors de la c\u00e9r\u00e9monie d\u2019ouverture du Championnat d\u2019Afrique des nations de football \u00e0 Alger, le petit-fils de Nelson Mandela, partisan du Front Polisario, a appel\u00e9 \u00e0 \u00ab lutter pour lib\u00e9rer le Sahara occidental de l\u2019oppression \u00bb. La CAF est saisie.<br \/>\nLa Conf\u00e9d\u00e9ration africaine de football (CAF) a annonc\u00e9 qu\u2019elle allait enqu\u00eater apr\u00e8s que le petit-fils de Nelson Mandela a appel\u00e9 \u00e0 soutenir les ind\u00e9pendantistes sahraouis \u00e0 l\u2019ouverture du Championnat d\u2019Afrique des nations (Chan) en Alg\u00e9rie, relan\u00e7ant la crise entre Rabat et Alger. La F\u00e9d\u00e9ration marocaine de football (FRMF), qui a renonc\u00e9 \u00e0 envoyer son \u00e9quipe \u00e0 Alger, avait demand\u00e9 \u00e0 la CAF, dont le si\u00e8ge est au Caire, d\u2019 \u00ab assumer toute la responsabilit\u00e9 face \u00e0 ces transgressions flagrantes qui n\u2019ont aucun lien avec les principes et valeurs du ballon rond \u00bb.<\/p>\n<p>Celle-ci a r\u00e9pondu qu\u2019elle allait \u00ab mener des investigations pour \u00e9tablir si et dans quelle mesure \u00bb ces d\u00e9clarations \u00ab violent les statuts et r\u00e8glements de la CAF et de la Fifa \u00bb. Elle \u00ab fera part de ses conclusions en temps opportun \u00bb, poursuit le communiqu\u00e9 qui affirme dans l\u2019imm\u00e9diat que \u00ab ces d\u00e9clarations politiques ne sont pas celles de la CAF (\u2026) en tant qu\u2019organisation politiquement neutre \u00bb.<\/p>\n<p>Critique ouverte du Maroc<br \/>\nLors de la c\u00e9r\u00e9monie d\u2019ouverture du Chan \u00e0 Alger, Mandla Mandela, partisan des ind\u00e9pendantistes sahraouis du Front Polisario, avait appel\u00e9 \u00e0 \u00ab lutter pour lib\u00e9rer le Sahara occidental de l\u2019oppression \u00bb, qualifiant ce territoire de \u00ab derni\u00e8re colonie d\u2019Afrique \u00bb. Le Maroc a aussit\u00f4t condamn\u00e9 des \u00ab agissements malveillants \u00bb et des \u00ab man\u0153uvres abjectes \u00bb. Au stade Nelson-Mandela \u00e0 Alger, le petit-fils de l\u2019ic\u00f4ne de la lutte anti-apartheid a \u00e9galement exhort\u00e9 \u00e0 \u00ab lib\u00e9rer la Palestine \u00bb, dans une critique ouverte du Maroc qui a normalis\u00e9 ses relations avec Isra\u00ebl il y a deux ans.<\/p>\n<p>Dans son communiqu\u00e9, la FRMF a par ailleurs d\u00e9nonc\u00e9 des \u00ab propos racistes \u00bb anti-marocains prononc\u00e9s dans le stade lors de la c\u00e9r\u00e9monie d\u2019ouverture.<\/p>\n<p>https:\/\/www.msn.com\/fr-xl\/actualite\/other\/chan-le-sahara-occidental-sinvite-dans-la-discorde-entre-rabat-et-alger\/ar-AA16oYh0?li=AAGN08W<br \/>\n(Avec AFP)<\/p>\n","protected":false},"excerpt":{"rendered":"<p>Lors de la c\u00e9r\u00e9monie d\u2019ouverture du Championnat d\u2019Afrique des nations de football \u00e0 Alger, le petit-fils de Nelson Mandela, partisan du Front Polisario, a appel\u00e9 \u00e0 \u00ab lutter pour lib\u00e9rer le Sahara occidental de l\u2019oppression \u00bb. La CAF est saisie. La Conf\u00e9d\u00e9ration africaine de football (CAF) a annonc\u00e9 qu\u2019elle allait enqu\u00eater apr\u00e8s que le petit-fils &hellip;<\/p>\n","protected":false},"author":2,"featured_media":3686,"comment_status":"open","ping_status":"open","sticky":false,"template":"","format":"standard","meta":{"footnotes":""},"categories":[18,29,17],"tags":[],"class_list":["post-3685","post","type-post","status-publish","format-standard","has-post-thumbnail","hentry","category-actualites","category-monde","category-sports"],"_links":{"self":[{"href":"https:\/\/ladepeche.mr\/index.php?rest_route=\/wp\/v2\/posts\/3685","targetHints":{"allow":["GET"]}}],"collection":[{"href":"https:\/\/ladepeche.mr\/index.php?rest_route=\/wp\/v2\/posts"}],"about":[{"href":"https:\/\/ladepeche.mr\/index.php?rest_route=\/wp\/v2\/types\/post"}],"author":[{"embeddable":true,"href":"https:\/\/ladepeche.mr\/index.php?rest_route=\/wp\/v2\/users\/2"}],"replies":[{"embeddable":true,"href":"https:\/\/ladepeche.mr\/index.php?rest_route=%2Fwp%2Fv2%2Fcomments&post=3685"}],"version-history":[{"count":1,"href":"https:\/\/ladepeche.mr\/index.php?rest_route=\/wp\/v2\/posts\/3685\/revisions"}],"predecessor-version":[{"id":3687,"href":"https:\/\/ladepeche.mr\/index.php?rest_route=\/wp\/v2\/posts\/3685\/revisions\/3687"}],"wp:featuredmedia":[{"embeddable":true,"href":"https:\/\/ladepeche.mr\/index.php?rest_route=\/wp\/v2\/media\/3686"}],"wp:attachment":[{"href":"https:\/\/ladepeche.mr\/index.php?rest_route=%2Fwp%2Fv2%2Fmedia&parent=3685"}],"wp:term":[{"taxonomy":"category","embeddable":true,"href":"https:\/\/ladepeche.mr\/index.php?rest_route=%2Fwp%2Fv2%2Fcategories&post=3685"},{"taxonomy":"post_tag","embeddable":true,"href":"https:\/\/ladepeche.mr\/index.php?rest_route=%2Fwp%2Fv2%2Ftags&post=3685"}],"curies":[{"name":"wp","href":"https:\/\/api.w.org\/{rel}","templated":true}]}}