{"id":3691,"date":"2023-01-17T13:08:52","date_gmt":"2023-01-17T13:08:52","guid":{"rendered":"https:\/\/ladepeche.mr\/?p=3691"},"modified":"2023-01-17T13:08:52","modified_gmt":"2023-01-17T13:08:52","slug":"affaire-aziz-un-proces-sans-precedent","status":"publish","type":"post","link":"https:\/\/ladepeche.mr\/?p=3691","title":{"rendered":"Affaire Aziz : Un proc\u00e8s sans pr\u00e9c\u00e9dent !"},"content":{"rendered":"<p>Remarques de bon acabit, les mauritaniens ont d\u00e9j\u00e0 inaugur\u00e9, sur les plateformes sociales, le proc\u00e8s de l\u2019ancien pr\u00e9sident, Mohamed Ould Abdel Aziz. Les espoirs des uns et des autres dans cette affaire ont visiblement donn\u00e9 de l\u2019eau au moulin \u00e0 cette \u00abexpertise\u00bb int\u00e9ress\u00e9e. Le &#8220;pr\u00e9toire \u00e9lectronique&#8221; est d\u00e9j\u00e0 en \u00e9bullition. <\/p>\n<p>Le principe de base en droit est que \u00ab toute personne a droit d&#8217;\u00eatre jug\u00e9e par un juge ind\u00e9pendant et impartial, dans le cadre d&#8217;un proc\u00e8s \u00e9quitable\u00bb. Qu\u2019elle est aussi pr\u00e9sum\u00e9e innocente jusqu\u2019\u00e0 l\u2019\u00e9tablissement de sa culpabilit\u00e9 (article 13 Constitution). C\u2019est la rh\u00e9torique th\u00e9orique.<br \/>\nA \u00e9couter certaines interventions sur les plateformes sociales, on se croirait dans l\u2019enceinte d\u2019une audience de Justice o\u00f9 ne manqueraient que les juges pour distribuer la parole \u00e0 ces collectifs d\u2019avocats improvis\u00e9s. Chacun se lance dans ses plaidoiries selon ses arri\u00e8res pens\u00e9es politiques. Un back-ground o\u00f9 s\u2019affrontent finalement deux th\u00e8ses diam\u00e9tralement oppos\u00e9es entre soutiens et adversaires: pour les uns \u00ab l\u2019ex-pr\u00e9sident Aziz est innocent \u00bb et pour les autres \u00ab l\u2019ex-pr\u00e9sident Aziz est coupable\u00bb. Des r\u00e9quisitoires s\u2019improvisent b\u00e9n\u00e9volement pour ne pas passer inaper\u00e7us dans ce d\u00e9ferlement de \u00abconnaissances\u00bb l\u00e9gales. Du million de po\u00e8tes, nous en sommes \u2013du fait du proc\u00e8s- presque \u00e0 quatre millions de juristes.<br \/>\nPour \u00e9tayer leurs querelles id\u00e9ologiques, nos apprentis-avocats n\u2019h\u00e9sitent pas \u00e0 tout interpr\u00e9ter comme de v\u00e9ritables praticiens. De la constitution de la Commission d\u2019Enqu\u00eate Parlementaire, \u00e0 la l\u00e9gitimit\u00e9 de la proc\u00e9dure judiciaire, en passant par le fonds du dossier, les enqu\u00eates de la police, et les chefs d\u2019accusation ainsi que la comparution des principaux pr\u00e9venus dans cette affaire, tout est pass\u00e9 au crible par des hommes et des femmes avides d\u2019une cour propre \u00e0 eux. Une cour o\u00f9 chacun, loin du droit et de l\u2019impartialit\u00e9 des juges, veut, lui, imprimer ses d\u00e9sid\u00e9ratas \u00e0 une affaire sur laquelle il sait qu\u2019il n\u2019a aucune emprise. Mais ce proc\u00e8s virtuel accapare, occupe une opinion publique travers\u00e9e par tous les clivages et all\u00e9geances possibles. S\u2019il ne tenait qu\u2019\u00e0 ces opinions, l\u2019ancien pr\u00e9sident serait condamn\u00e9 sans autre forme de proc\u00e8s. Il pourrait aussi \u00eatre relax\u00e9 sans rendre compte \u00e0 qui que ce soit. L\u2019accusation et la d\u00e9fense jouent parfaitement ici la contradiction o\u00f9 seuls les juges sont log\u00e9s aux abonn\u00e9s absents.  Le juge \u2013le vrai- lui prendra sa d\u00e9cision en application du droit, apr\u00e8s avoir entendu chacune des personnes concern\u00e9es, dans le respect des r\u00e8gles de la proc\u00e9dure et du respect des droits de la d\u00e9fense, comme principes d&#8217;\u00e9galit\u00e9 et de loyaut\u00e9 dans un proc\u00e8s. Ce qui semble poser probl\u00e8me aujourd\u2019hui et auquel contribuent d\u2019ailleurs aussi bien la d\u00e9fense que l\u2019accusation, en alimentant les repr\u00e9sentations populaires des faits, c\u2019est la remise en cause de la s\u00e9r\u00e9nit\u00e9 dans un proc\u00e8s in\u00e9dit.<br \/>\nLaissons de c\u00f4t\u00e9 les apprentis-avocats vaquer \u00e0 leurs \u00e9changes byzantins. Malgr\u00e9 les fortes pr\u00e9somptions pesant sur lui, l\u2019ancien pr\u00e9sident Mohamed Ould Abdel Aziz doit pouvoir compter sur le respect absolu de ses droits civils et politiques. Il devait pouvoir en jouir jusqu\u2019\u00e0 sa condamnation d\u00e9finitive par les instances judiciaires habilit\u00e9es. Ce ne fut pas toujours le cas ; reconnaissons-le. Sa d\u00e9fense doit pouvoir jouir de toutes les informations constituant la base des accusations port\u00e9es contre lui. Ce \u00e0 quoi s\u2019accroche d\u2019ailleurs sa d\u00e9fense. Un dossier que Me Ebetty, avocat de l\u2019Etat, argue, sur Rfi, avoir \u00e9t\u00e9 transmis \u00e0 ses adversaires.<br \/>\nDe son r\u00e8gne -dix ans durant- certains de ses compatriotes n\u2019ont pas gard\u00e9 de bons souvenirs de l\u2019ancien pr\u00e9sident, Mohamed Ould Abdel Aziz. Pendant que beaucoup d\u2019autres ne juraient \u2013alors- que par son nom et justifiaient tous ses faits et gestes comme actes \u00absalvateurs\u00bb pour la R\u00e9publique. Mais ils feignent aujourd\u2019hui de lui d\u00e9couvrir le visage \u00ab hideux \u00bb qu\u2019il ne portait pas hier. C\u2019est malheureusement la culture \u00ab makhz\u00e9nienne \u00bb bien de chez nous ; celle qui veut que l\u2019on se vende au \u00ab Prince \u00bb du moment et lui retourner illico presto le veston dans sa descente aux enfers.<br \/>\nMalgr\u00e9 une diff\u00e9rence de pure forme, par le biais d\u2019une transition politique assum\u00e9e, Mohamed Ould Abdel Aziz est lui-m\u00eame rattrap\u00e9 par son pass\u00e9 r\u00e9cent. Un pass\u00e9 o\u00f9 confront\u00e9 au renversement de l\u2019ancien pr\u00e9sident Sidi Ould Cheikh Abdellahi, qu\u2019il avait forc\u00e9 (avec le HCE) \u00e0 d\u00e9missionner pour prendre sa place, n\u2019avait pas trouv\u00e9 meilleur moyen que de l\u2019embastiller manu militari au Palais des Congr\u00e8s. L\u2019arroseur est aujourd\u2019hui arros\u00e9. Ceci rappelle qu\u2019il n\u2019est pas de bon aloi de trainer un ancien pr\u00e9sident de la R\u00e9publique. Le temps b\u00e9gaye souvent ! Mais quel que soit ce que l\u2019on peut encore reprocher \u00e0 l\u2019ancien pr\u00e9sident, Mohamed Ould Abdel Aziz, le r\u00e9gime actuel ne doit pas abuser de sa position dominante pour vider, par d\u2019\u00e9ventuels actes, les garanties constitutionnelles dont l\u2019ancien pr\u00e9sident devrait jouir. Car la vraie victoire avec un grand \u00ab V \u00bb sera celle du droit et pas forc\u00e9ment celle obtenue, dans n\u2019importe quelles conditions, contre l\u2019ancien pr\u00e9sident, Mohamed Ould Abdel Aziz. La victoire du Droit revient donc au juge impartial qui n\u2019ob\u00e9it qu\u2019\u00e0 la loi et son libre arbitre.<br \/>\nJD<\/p>\n","protected":false},"excerpt":{"rendered":"<p>Remarques de bon acabit, les mauritaniens ont d\u00e9j\u00e0 inaugur\u00e9, sur les plateformes sociales, le proc\u00e8s de l\u2019ancien pr\u00e9sident, Mohamed Ould Abdel Aziz. Les espoirs des uns et des autres dans cette affaire ont visiblement donn\u00e9 de l\u2019eau au moulin \u00e0 cette \u00abexpertise\u00bb int\u00e9ress\u00e9e. Le &#8220;pr\u00e9toire \u00e9lectronique&#8221; est d\u00e9j\u00e0 en \u00e9bullition. Le principe de base en &hellip;<\/p>\n","protected":false},"author":2,"featured_media":3692,"comment_status":"open","ping_status":"open","sticky":false,"template":"","format":"standard","meta":{"footnotes":""},"categories":[18],"tags":[],"class_list":["post-3691","post","type-post","status-publish","format-standard","has-post-thumbnail","hentry","category-actualites"],"_links":{"self":[{"href":"https:\/\/ladepeche.mr\/index.php?rest_route=\/wp\/v2\/posts\/3691","targetHints":{"allow":["GET"]}}],"collection":[{"href":"https:\/\/ladepeche.mr\/index.php?rest_route=\/wp\/v2\/posts"}],"about":[{"href":"https:\/\/ladepeche.mr\/index.php?rest_route=\/wp\/v2\/types\/post"}],"author":[{"embeddable":true,"href":"https:\/\/ladepeche.mr\/index.php?rest_route=\/wp\/v2\/users\/2"}],"replies":[{"embeddable":true,"href":"https:\/\/ladepeche.mr\/index.php?rest_route=%2Fwp%2Fv2%2Fcomments&post=3691"}],"version-history":[{"count":1,"href":"https:\/\/ladepeche.mr\/index.php?rest_route=\/wp\/v2\/posts\/3691\/revisions"}],"predecessor-version":[{"id":3693,"href":"https:\/\/ladepeche.mr\/index.php?rest_route=\/wp\/v2\/posts\/3691\/revisions\/3693"}],"wp:featuredmedia":[{"embeddable":true,"href":"https:\/\/ladepeche.mr\/index.php?rest_route=\/wp\/v2\/media\/3692"}],"wp:attachment":[{"href":"https:\/\/ladepeche.mr\/index.php?rest_route=%2Fwp%2Fv2%2Fmedia&parent=3691"}],"wp:term":[{"taxonomy":"category","embeddable":true,"href":"https:\/\/ladepeche.mr\/index.php?rest_route=%2Fwp%2Fv2%2Fcategories&post=3691"},{"taxonomy":"post_tag","embeddable":true,"href":"https:\/\/ladepeche.mr\/index.php?rest_route=%2Fwp%2Fv2%2Ftags&post=3691"}],"curies":[{"name":"wp","href":"https:\/\/api.w.org\/{rel}","templated":true}]}}