{"id":3694,"date":"2023-01-17T13:24:52","date_gmt":"2023-01-17T13:24:52","guid":{"rendered":"https:\/\/ladepeche.mr\/?p=3694"},"modified":"2023-01-17T13:24:52","modified_gmt":"2023-01-17T13:24:52","slug":"dernieres-nominations-a-la-ceni-lunion-des-forces-de-progres-ufp-deplore-declaration","status":"publish","type":"post","link":"https:\/\/ladepeche.mr\/?p=3694","title":{"rendered":"Derni\u00e8res nominations \u00e0 la CENI : L&#8217;Union des Forces de Progr\u00e8s (UFP) d\u00e9plore (D\u00e9claration)"},"content":{"rendered":"<p> A la suite de l&#8217;appel formel \u00e0 candidature du 21\/11\/2022, et dans l&#8217;opacit\u00e9, le comit\u00e9 directeur de la Commission \u00c9lectorale Nationale Ind\u00e9pendante -CENI- a publi\u00e9 une liste d&#8217;admis de charg\u00e9s de mission, de conseillers techniques et directeurs. A travers cette liste, le moins que l&#8217;on puisse dire, est qu&#8217;elle est loin de refl\u00e9ter la diversit\u00e9 de notre pays.<\/p>\n<p>\u00c9tant donn\u00e9 le r\u00f4le d\u00e9terminant que la CENI doit jouer dans les prochains jours et semaines aux diff\u00e9rentes \u00e9lections en pr\u00e9paration, ces nominations manifestement orient\u00e9es et discriminatoires effectu\u00e9es par son comit\u00e9 directeur, suscitent beaucoup d&#8217;inqui\u00e9tude et ne rassurent pas quant \u00e0 son impartialit\u00e9 et \u00e0 son sens des responsabilit\u00e9s.<\/p>\n<p>L&#8217;UFP d\u00e9plore ces nominations qui ne sont pas de nature \u00e0 participer \u00e0 la coh\u00e9sion nationale et demande \u00e0 cette instance nationale de veiller \u00e0 appliquer rigoureusement les principes d&#8217;\u00e9galit\u00e9, d&#8217;\u00e9quit\u00e9 et de justice dans toutes ses d\u00e9cisions.<\/p>\n<p>Nouakchott, le 17\/01\/2023.<\/p>\n<p>Le D\u00e9partement de Communication via cridem<\/p>\n","protected":false},"excerpt":{"rendered":"<p>A la suite de l&#8217;appel formel \u00e0 candidature du 21\/11\/2022, et dans l&#8217;opacit\u00e9, le comit\u00e9 directeur de la Commission \u00c9lectorale Nationale Ind\u00e9pendante -CENI- a publi\u00e9 une liste d&#8217;admis de charg\u00e9s de mission, de conseillers techniques et directeurs. A travers cette liste, le moins que l&#8217;on puisse dire, est qu&#8217;elle est loin de refl\u00e9ter la diversit\u00e9 &hellip;<\/p>\n","protected":false},"author":2,"featured_media":3695,"comment_status":"open","ping_status":"open","sticky":false,"template":"","format":"standard","meta":{"footnotes":""},"categories":[18],"tags":[],"class_list":["post-3694","post","type-post","status-publish","format-standard","has-post-thumbnail","hentry","category-actualites"],"_links":{"self":[{"href":"https:\/\/ladepeche.mr\/index.php?rest_route=\/wp\/v2\/posts\/3694","targetHints":{"allow":["GET"]}}],"collection":[{"href":"https:\/\/ladepeche.mr\/index.php?rest_route=\/wp\/v2\/posts"}],"about":[{"href":"https:\/\/ladepeche.mr\/index.php?rest_route=\/wp\/v2\/types\/post"}],"author":[{"embeddable":true,"href":"https:\/\/ladepeche.mr\/index.php?rest_route=\/wp\/v2\/users\/2"}],"replies":[{"embeddable":true,"href":"https:\/\/ladepeche.mr\/index.php?rest_route=%2Fwp%2Fv2%2Fcomments&post=3694"}],"version-history":[{"count":1,"href":"https:\/\/ladepeche.mr\/index.php?rest_route=\/wp\/v2\/posts\/3694\/revisions"}],"predecessor-version":[{"id":3696,"href":"https:\/\/ladepeche.mr\/index.php?rest_route=\/wp\/v2\/posts\/3694\/revisions\/3696"}],"wp:featuredmedia":[{"embeddable":true,"href":"https:\/\/ladepeche.mr\/index.php?rest_route=\/wp\/v2\/media\/3695"}],"wp:attachment":[{"href":"https:\/\/ladepeche.mr\/index.php?rest_route=%2Fwp%2Fv2%2Fmedia&parent=3694"}],"wp:term":[{"taxonomy":"category","embeddable":true,"href":"https:\/\/ladepeche.mr\/index.php?rest_route=%2Fwp%2Fv2%2Fcategories&post=3694"},{"taxonomy":"post_tag","embeddable":true,"href":"https:\/\/ladepeche.mr\/index.php?rest_route=%2Fwp%2Fv2%2Ftags&post=3694"}],"curies":[{"name":"wp","href":"https:\/\/api.w.org\/{rel}","templated":true}]}}