{"id":3697,"date":"2023-01-17T13:28:31","date_gmt":"2023-01-17T13:28:31","guid":{"rendered":"https:\/\/ladepeche.mr\/?p=3697"},"modified":"2023-01-17T13:28:31","modified_gmt":"2023-01-17T13:28:31","slug":"3eme-edition-de-la-conference-africaine-pour-la-paix-le-president-de-la-republique-preside-la-ceremonie-de-lancement","status":"publish","type":"post","link":"https:\/\/ladepeche.mr\/?p=3697","title":{"rendered":"3\u00e8me \u00e9dition de la Conf\u00e9rence africaine pour la paix:  Le Pr\u00e9sident de la R\u00e9publique pr\u00e9side la c\u00e9r\u00e9monie de lancement"},"content":{"rendered":"<p>Le Pr\u00e9sident de la R\u00e9publique, Son Excellence Monsieur Mohamed Ould Cheikh El Ghazouani, a pr\u00e9sid\u00e9, mardi, au Centre international des conf\u00e9rences \u201cEl Mourabitoune\u201d, la c\u00e9r\u00e9monie de lancement de la 3\u00e8me \u00e9dition de la Conf\u00e9rence africaine pour la consolidation de la paix organis\u00e9e par le Forum d\u2019Abu Dhabi avec la collaboration de la Mauritanie.<\/p>\n<p>Les travaux de la rencontre, qui se d\u00e9roule \u00e0 Nouakchott, d\u00e9clar\u00e9e capitale de la culture dans le monde islamique pour l\u2019ann\u00e9e 2023, concernent plusieurs axes, portant sur le diagnostic sur la g\u00e9ographie des crises au niveau du continent africain, le dialogue et la r\u00e9conciliation, la correction et la rationalisation des concepts li\u00e9s \u00e0 la promotion de la paix.<\/p>\n<p>Des ateliers sur le r\u00f4le des \u00e9tablissements d\u2019enseignement dans la consolidation de la paix au niveau du continent, la migration une trag\u00e9die r\u00e9currente et les approches humanitaires, ainsi que sur le r\u00f4le des jeunes et des femmes dans la paix et la paix dans le patrimoine culturel africain seront organis\u00e9s dans le cadre de cette conf\u00e9rence qui se d\u00e9roule du 17 au 19 du mois courant sous le slogan \u00ab Entrez tous dans la paix \u00bb.<\/p>\n<p>\u00c0 cette troisi\u00e8me \u00e9dition participent des chefs d\u2019\u00e9tats, des repr\u00e9sentants de gouvernements africains ainsi que des dirigeants religieux et oul\u00e9mas, des pr\u00e9dicateurs et des dirigeants de jeunesse du continent.<\/p>\n<p>La c\u00e9r\u00e9monie d\u2019ouverture s\u2019est d\u00e9roul\u00e9e en pr\u00e9sence du Premier ministre, M. Mohamed Bilal Massoud, du Pr\u00e9sident de l\u2019Assembl\u00e9e nationale, du Pr\u00e9sident du conseil constitutionnel, du ministre secr\u00e9taire g\u00e9n\u00e9ral de la Pr\u00e9sidence de la r\u00e9publique, des deux ministres Conseill\u00e8res \u00e0 la pr\u00e9sidence de la R\u00e9publique, des membres du gouvernement, du directeur de cabinet du Pr\u00e9sident de la R\u00e9publique, des repr\u00e9sentants des gouvernements des pays africains participants, du wali de Nouakchott ouest, de la pr\u00e9sidente du conseil r\u00e9gional de Nouakchott, des chefs d\u2019\u00e9tats-majors des forces arm\u00e9es et s\u00e9curitaires, les membres du corps diplomatique accr\u00e9dit\u00e9s en Mauritanie ainsi que du hakem et du maire de la moughataa de Tevrag Zeina.<br \/>\nAmi<\/p>\n","protected":false},"excerpt":{"rendered":"<p>Le Pr\u00e9sident de la R\u00e9publique, Son Excellence Monsieur Mohamed Ould Cheikh El Ghazouani, a pr\u00e9sid\u00e9, mardi, au Centre international des conf\u00e9rences \u201cEl Mourabitoune\u201d, la c\u00e9r\u00e9monie de lancement de la 3\u00e8me \u00e9dition de la Conf\u00e9rence africaine pour la consolidation de la paix organis\u00e9e par le Forum d\u2019Abu Dhabi avec la collaboration de la Mauritanie. Les travaux &hellip;<\/p>\n","protected":false},"author":2,"featured_media":3698,"comment_status":"open","ping_status":"open","sticky":false,"template":"","format":"standard","meta":{"footnotes":""},"categories":[18,29],"tags":[],"class_list":["post-3697","post","type-post","status-publish","format-standard","has-post-thumbnail","hentry","category-actualites","category-monde"],"_links":{"self":[{"href":"https:\/\/ladepeche.mr\/index.php?rest_route=\/wp\/v2\/posts\/3697","targetHints":{"allow":["GET"]}}],"collection":[{"href":"https:\/\/ladepeche.mr\/index.php?rest_route=\/wp\/v2\/posts"}],"about":[{"href":"https:\/\/ladepeche.mr\/index.php?rest_route=\/wp\/v2\/types\/post"}],"author":[{"embeddable":true,"href":"https:\/\/ladepeche.mr\/index.php?rest_route=\/wp\/v2\/users\/2"}],"replies":[{"embeddable":true,"href":"https:\/\/ladepeche.mr\/index.php?rest_route=%2Fwp%2Fv2%2Fcomments&post=3697"}],"version-history":[{"count":1,"href":"https:\/\/ladepeche.mr\/index.php?rest_route=\/wp\/v2\/posts\/3697\/revisions"}],"predecessor-version":[{"id":3699,"href":"https:\/\/ladepeche.mr\/index.php?rest_route=\/wp\/v2\/posts\/3697\/revisions\/3699"}],"wp:featuredmedia":[{"embeddable":true,"href":"https:\/\/ladepeche.mr\/index.php?rest_route=\/wp\/v2\/media\/3698"}],"wp:attachment":[{"href":"https:\/\/ladepeche.mr\/index.php?rest_route=%2Fwp%2Fv2%2Fmedia&parent=3697"}],"wp:term":[{"taxonomy":"category","embeddable":true,"href":"https:\/\/ladepeche.mr\/index.php?rest_route=%2Fwp%2Fv2%2Fcategories&post=3697"},{"taxonomy":"post_tag","embeddable":true,"href":"https:\/\/ladepeche.mr\/index.php?rest_route=%2Fwp%2Fv2%2Ftags&post=3697"}],"curies":[{"name":"wp","href":"https:\/\/api.w.org\/{rel}","templated":true}]}}