{"id":3701,"date":"2023-01-18T22:05:35","date_gmt":"2023-01-18T22:05:35","guid":{"rendered":"https:\/\/ladepeche.mr\/?p=3701"},"modified":"2023-01-19T22:24:48","modified_gmt":"2023-01-19T22:24:48","slug":"forum-paix-en-afrique-le-president-de-la-republique-islamique-de-mauritanie-recoit-le-secretaire-general-de-loci","status":"publish","type":"post","link":"https:\/\/ladepeche.mr\/?p=3701","title":{"rendered":"Forum Paix en Afrique: Le Pr\u00e9sident de la R\u00e9publique islamique de Mauritanie re\u00e7oit le Secr\u00e9taire g\u00e9n\u00e9ral de l&#8217;OCI"},"content":{"rendered":"<p>Nouakchott, le 18 janvier 2023- Le Pr\u00e9sident de la R\u00e9publique islamique de Mauritanie, Son Excellence Monsieur Mohamed Ould Cheikh Ghazouani, a re\u00e7u en audience, ce jour, mardi 17 janvier 2023, \u00e0 Nouakchott, S.E.M. Hissein Brahim Taha, Secr\u00e9taire g\u00e9n\u00e9ral de l&#8217;Organisation de Coop\u00e9ration islamique (OCI).<br \/>\nS.E. le Pr\u00e9sident de la R\u00e9publique islamique de Mauritanie a r\u00e9it\u00e9r\u00e9 le soutien de son pays \u00e0 l&#8217;OCI et aux efforts du Secr\u00e9taire g\u00e9n\u00e9ral, soulignant le r\u00f4le important que joue l&#8217;Organisation dans la d\u00e9fense des causes islamiques et la consolidation des fondements de la paix et de la stabilit\u00e9 dans sa zone g\u00e9ographique. Il a r\u00e9it\u00e9r\u00e9 la disponibilit\u00e9 de son pays \u00e0 assurer les conditions de r\u00e9ussite de la 49e session du Conseil des Ministres des Affaires \u00e9trang\u00e8res (CMAE) de l&#8217;OCI qui se tiendra \u00e0 Nouakchott, les 16 et 17 mars 2023.<br \/>\nLe Secr\u00e9taire g\u00e9n\u00e9ral a rendu hommage \u00e0 la Mauritanie pour son engagement constant en faveur de l&#8217;OCI et de l&#8217;action islamique commune. Il s&#8217;est f\u00e9licit\u00e9 des pr\u00e9paratifs engag\u00e9s par la Mauritanie pour accueillir la 49\u00e8me session du CMAE.<br \/>\nSource OCI<br \/>\nPhoto Ami<\/p>\n","protected":false},"excerpt":{"rendered":"<p>Nouakchott, le 18 janvier 2023- Le Pr\u00e9sident de la R\u00e9publique islamique de Mauritanie, Son Excellence Monsieur Mohamed Ould Cheikh Ghazouani, a re\u00e7u en audience, ce jour, mardi 17 janvier 2023, \u00e0 Nouakchott, S.E.M. Hissein Brahim Taha, Secr\u00e9taire g\u00e9n\u00e9ral de l&#8217;Organisation de Coop\u00e9ration islamique (OCI). S.E. le Pr\u00e9sident de la R\u00e9publique islamique de Mauritanie a r\u00e9it\u00e9r\u00e9 &hellip;<\/p>\n","protected":false},"author":2,"featured_media":3702,"comment_status":"open","ping_status":"open","sticky":false,"template":"","format":"standard","meta":{"footnotes":""},"categories":[18],"tags":[],"class_list":["post-3701","post","type-post","status-publish","format-standard","has-post-thumbnail","hentry","category-actualites"],"_links":{"self":[{"href":"https:\/\/ladepeche.mr\/index.php?rest_route=\/wp\/v2\/posts\/3701","targetHints":{"allow":["GET"]}}],"collection":[{"href":"https:\/\/ladepeche.mr\/index.php?rest_route=\/wp\/v2\/posts"}],"about":[{"href":"https:\/\/ladepeche.mr\/index.php?rest_route=\/wp\/v2\/types\/post"}],"author":[{"embeddable":true,"href":"https:\/\/ladepeche.mr\/index.php?rest_route=\/wp\/v2\/users\/2"}],"replies":[{"embeddable":true,"href":"https:\/\/ladepeche.mr\/index.php?rest_route=%2Fwp%2Fv2%2Fcomments&post=3701"}],"version-history":[{"count":1,"href":"https:\/\/ladepeche.mr\/index.php?rest_route=\/wp\/v2\/posts\/3701\/revisions"}],"predecessor-version":[{"id":3703,"href":"https:\/\/ladepeche.mr\/index.php?rest_route=\/wp\/v2\/posts\/3701\/revisions\/3703"}],"wp:featuredmedia":[{"embeddable":true,"href":"https:\/\/ladepeche.mr\/index.php?rest_route=\/wp\/v2\/media\/3702"}],"wp:attachment":[{"href":"https:\/\/ladepeche.mr\/index.php?rest_route=%2Fwp%2Fv2%2Fmedia&parent=3701"}],"wp:term":[{"taxonomy":"category","embeddable":true,"href":"https:\/\/ladepeche.mr\/index.php?rest_route=%2Fwp%2Fv2%2Fcategories&post=3701"},{"taxonomy":"post_tag","embeddable":true,"href":"https:\/\/ladepeche.mr\/index.php?rest_route=%2Fwp%2Fv2%2Ftags&post=3701"}],"curies":[{"name":"wp","href":"https:\/\/api.w.org\/{rel}","templated":true}]}}