{"id":3707,"date":"2023-01-18T22:20:48","date_gmt":"2023-01-18T22:20:48","guid":{"rendered":"https:\/\/ladepeche.mr\/?p=3707"},"modified":"2023-01-18T22:20:48","modified_gmt":"2023-01-18T22:20:48","slug":"engages-pour-une-mauritanie-unie-emu-communique","status":"publish","type":"post","link":"https:\/\/ladepeche.mr\/?p=3707","title":{"rendered":"Engag\u00e9s pour une Mauritanie Unie (EMU) &#8211; Communiqu\u00e9"},"content":{"rendered":"<p> La liste des personnes cit\u00e9es dans l&#8217;affaire dite de la d\u00e9cennie des deux mandats successifs de l&#8217;ex-pr\u00e9sident mauritanien, Mohamed Ould Abdel Aziz, \u00e9tait longue. <\/p>\n<p>Sur une liste de plus de 300 personnes vis\u00e9es par la commission d&#8217;enqu\u00eate parlementaire, seules 12 iront jusqu&#8217;au proc\u00e8s. Pour ce faire, toute la machine judiciaire et s\u00e9curitaire a \u00e9t\u00e9 instrumentalis\u00e9e. <\/p>\n<p>L&#8217;intervention du premier magistrat, le pr\u00e9sident Mohamed Cheikh ould Ghazouani, de son puissant ministre de  l int\u00e9rieur pour orienter ce dossier n&#8217;\u00e9chappe plus \u00e0 aucun Mauritanien&#8230;<\/p>\n<p>Par cons\u00e9quent, le Mouvement EMU attire l&#8217;attention sur les points suivants:<\/p>\n<p>&#8211; le pool de d\u00e9fense de Ould Abdel Aziz n&#8217;a pas acc\u00e8s au dossier. Le proc\u00e8s s&#8217;ouvrira le 25 janvier prochain. Or, il comporte de 8000 \u00e0 10000 pi\u00e8ces. Un dossier aussi colossal ne saurait \u00eatre pr\u00e9par\u00e9 en un d\u00e9lai aussi court. C&#8217;est impossible. Les avocats ont \u00e9t\u00e9 clairs \u00e0 ce sujet.<\/p>\n<p>Au micro de RFI, Ma\u00eetre Cir\u00e9 Cledor Ly se plaint notamment de ne toujours pas avoir eu acc\u00e8s au dossier judiciaire.<\/p>\n<p>\u00ab L\u2019audience approche. Le greffier, lui, dit qu\u2019il n\u2019a pas re\u00e7u d\u2019ordre pour nous remettre le dossier, alors que nous avons droit non seulement \u00e0 une copie des pi\u00e8ces et des proc\u00e8s-verbaux mais encore, nous avons la facult\u00e9 de r\u00e9clamer l\u2019int\u00e9gralit\u00e9 du dossier et avoir les textes de proc\u00e9dure \u00e0 nos frais. Nous avons donc \u00e9crit pour avoir l\u2019int\u00e9gralit\u00e9, \u00e0 nos frais et, jusqu\u2019\u00e0 ce jour, absolument rien. Il nous restera huit jours, lundi, et vous comprenez bien qu\u2019avec 8 000 \u00e0 10 000 pi\u00e8ces, demander aux avocats de pr\u00e9parer la d\u00e9fense du pr\u00e9sident avec lui &#8211; parce qu\u2019il faudrait qu\u2019il voie ce dont on l\u2019accuse et qu\u2019il nous oriente sur les \u00e9l\u00e9ments qui permettent d\u2019apporter la contre-v\u00e9rit\u00e9 de ce qui est all\u00e9gu\u00e9 dans toute chose &#8211; en fait, c\u2019est impossible en huit jours. Si nous n\u2019avons pas le dossier du tribunal, de la Cour criminelle, cela veut dire que nous, comme notre client, compara\u00eetrons sans \u00eatre pr\u00e9par\u00e9s et ce n\u2019est pas un proc\u00e8s \u00e9quitable \u00bb.<\/p>\n<p>\u00ab Lors d\u2019une conf\u00e9rence de presse, samedi 14 janvier, \u00e0 Nouakchott, les avocats ont d\u00e9nonc\u00e9 &#8220;une cascade de violations de ses droits \u00e0 tous les niveaux de la proc\u00e9dure&#8221;. \u00bb<\/p>\n<p>(Voir: https:\/\/www.rfi.fr\/fr\/afrique\/20230115-mauritanie-les-avocats-de-l-ancien-pr%C3%A9sident-abdel-aziz-s-interrogent-sur-l-%C3%A9quit%C3%A9-de-son-proc%C3%A8s)<\/p>\n<p>Il est \u00e0 rappeler que le juge d&#8217;instruction avait blanchi un ancien ministre, Mokhtar Ould Djiay, et un ancien directeur g\u00e9n\u00e9ral de la Soci\u00e9t\u00e9 nationale industrielle et mini\u00e8re (SNIM &#8211; gouvernementale), Hassena Ould Ely, dans cette affaire, sans fournir de motifs.<\/p>\n<p>(Voir: https:\/\/www.aa.com.tr\/fr\/monde\/lancien-pr%C3%A9sident-mauritanien-renvoy%C3%A9-devant-le-tribunal-charg%C3%A9-de-juger-les-crimes-de-corruption\/2603430)<\/p>\n<p>S&#8217;ajoutent \u00e0 cela le ciblage et la pers\u00e9cution de l&#8217;ex-pr\u00e9sident, index\u00e9 et jug\u00e9 avant m\u00eame le proc\u00e8s, ce qui ne laisse aucun doute sur l&#8217;issue d&#8217;un proc\u00e8s qui s&#8217;est tenu bien avant sa date et en dehors de la salle du Tribunal.<\/p>\n<p>Autant de violations de la Constitution, de la loi, de la Charte internationale des droits de l&#8217;homme et des conventions internationales sign\u00e9s par la Mauritanie qu&#8217;il y a lieu de craindre le pire, d&#8217;autant que le tribalisme est exacerb\u00e9, sur fond de caravanes du Parti-\u00c9tat INSAF qui jalonnent le pays. Tandis que celles d&#8217;un parti opposant sont emp\u00each\u00e9es d&#8217;organiser des meetings et des missions de sensibilisation de la population, comme le garantit la Constitution. <\/p>\n<p>Le ministre de l&#8217;int\u00e9rieur et ses proches tirent toutes les ficelles dans une forme de gouvernance o\u00f9 les id\u00e9aux de justice, d&#8217;\u00e9galit\u00e9, de respect des droits de l&#8217;homme et de s\u00e9paration des pouvoirs, sont caducs, tant ils sont bafou\u00e9s. <\/p>\n<p>Les indicateurs sont au rouge, le marasme \u00e9conomique, la hausse vertigineuse des prix, le ch\u00f4mage end\u00e9mique des jeunes et moins jeunes, de la masse laborieuse, tout cela contribue \u00e0 exacerber une crise multisectorielle et multiforme qui fait craindre le pire, car la Mauritanie risque de s&#8217;embraser. Le passif humanitaire, loin d&#8217;\u00eatre r\u00e9solu, s&#8217;alourdit.<\/p>\n<p>Donc, l&#8217;attitude irresponsable du pouvoir met en danger la s\u00e9curit\u00e9 du pays, menace la paix sociale, compromet la coh\u00e9sion sociale et hypoth\u00e8que l&#8217;avenir de la Mauritanie.<\/p>\n<p>Face \u00e0 cette situation, le Mouvement EMU (engag\u00e9s pour une Mauritanie unie) alerte la communaut\u00e9 internationale et les Chancelleries. Il tient le r\u00e9gime en place pour responsable de ce drame qui se d\u00e9roule au vu et au su de tous. <\/p>\n<p>EMU ne m\u00e9nagera aucun effort pour d\u00e9noncer cet \u00e9tat de fait et entend mener des actions percutantes, tant \u00e0 l&#8217;int\u00e9rieur qu&#8217;\u00e0 l&#8217;ext\u00e9rieur pour faire la lumi\u00e8re sur la r\u00e9alit\u00e9 du pays. Par cons\u00e9quent, le Mouvement ENGAG\u00c9S POUR UNE MAURITANIE UNIE appelle tous ses adh\u00e9rents, \u00e0 l&#8217;ext\u00e9rieur et \u00e0 l&#8217;int\u00e9rieur du pays \u00e0 demeurer unis, \u00e0 rester solidaires pour d\u00e9noncer l&#8217;injustice.<\/p>\n<p>Coordination G\u00e9n\u00e9rale EMU \u00e0 l\u2019\u00e9tranger.<\/p>\n<p>Le 17 janvier 2023<\/p>\n","protected":false},"excerpt":{"rendered":"<p>La liste des personnes cit\u00e9es dans l&#8217;affaire dite de la d\u00e9cennie des deux mandats successifs de l&#8217;ex-pr\u00e9sident mauritanien, Mohamed Ould Abdel Aziz, \u00e9tait longue. Sur une liste de plus de 300 personnes vis\u00e9es par la commission d&#8217;enqu\u00eate parlementaire, seules 12 iront jusqu&#8217;au proc\u00e8s. Pour ce faire, toute la machine judiciaire et s\u00e9curitaire a \u00e9t\u00e9 instrumentalis\u00e9e. &hellip;<\/p>\n","protected":false},"author":2,"featured_media":3708,"comment_status":"open","ping_status":"open","sticky":false,"template":"","format":"standard","meta":{"footnotes":""},"categories":[18,19],"tags":[],"class_list":["post-3707","post","type-post","status-publish","format-standard","has-post-thumbnail","hentry","category-actualites","category-tribune"],"_links":{"self":[{"href":"https:\/\/ladepeche.mr\/index.php?rest_route=\/wp\/v2\/posts\/3707","targetHints":{"allow":["GET"]}}],"collection":[{"href":"https:\/\/ladepeche.mr\/index.php?rest_route=\/wp\/v2\/posts"}],"about":[{"href":"https:\/\/ladepeche.mr\/index.php?rest_route=\/wp\/v2\/types\/post"}],"author":[{"embeddable":true,"href":"https:\/\/ladepeche.mr\/index.php?rest_route=\/wp\/v2\/users\/2"}],"replies":[{"embeddable":true,"href":"https:\/\/ladepeche.mr\/index.php?rest_route=%2Fwp%2Fv2%2Fcomments&post=3707"}],"version-history":[{"count":1,"href":"https:\/\/ladepeche.mr\/index.php?rest_route=\/wp\/v2\/posts\/3707\/revisions"}],"predecessor-version":[{"id":3709,"href":"https:\/\/ladepeche.mr\/index.php?rest_route=\/wp\/v2\/posts\/3707\/revisions\/3709"}],"wp:featuredmedia":[{"embeddable":true,"href":"https:\/\/ladepeche.mr\/index.php?rest_route=\/wp\/v2\/media\/3708"}],"wp:attachment":[{"href":"https:\/\/ladepeche.mr\/index.php?rest_route=%2Fwp%2Fv2%2Fmedia&parent=3707"}],"wp:term":[{"taxonomy":"category","embeddable":true,"href":"https:\/\/ladepeche.mr\/index.php?rest_route=%2Fwp%2Fv2%2Fcategories&post=3707"},{"taxonomy":"post_tag","embeddable":true,"href":"https:\/\/ladepeche.mr\/index.php?rest_route=%2Fwp%2Fv2%2Ftags&post=3707"}],"curies":[{"name":"wp","href":"https:\/\/api.w.org\/{rel}","templated":true}]}}