{"id":3710,"date":"2023-01-19T10:56:00","date_gmt":"2023-01-19T10:56:00","guid":{"rendered":"https:\/\/ladepeche.mr\/?p=3710"},"modified":"2023-01-19T10:59:15","modified_gmt":"2023-01-19T10:59:15","slug":"visite-dune-delegation-dinvestisseurs-espagnols","status":"publish","type":"post","link":"https:\/\/ladepeche.mr\/?p=3710","title":{"rendered":"Visite d\u2019une d\u00e9l\u00e9gation d\u2019investisseurs espagnols"},"content":{"rendered":"<p>La ministre des Affaires, de l\u2019emploi et des Universit\u00e9s, porte-parole officielle du Gouvernement de la province de Murcie, Mme Mar\u00eda del Valle Migu\u00e9lez, s&#8217;est rendue en Mauritanie samedi dernier accompagn\u00e9e d&#8217;une d\u00e9l\u00e9gation d\u2019investisseurs de Murcie et des Canaris.<\/p>\n<p>A cette occasion, plusieurs rencontres ont \u00e9t\u00e9 organis\u00e9es avec des institutions publiques et priv\u00e9es, notamment l\u2019Union Nationale du Patronat Mauritanien, le Minist\u00e8re des Affaires Economiques et de la Promotion des Secteurs Productifs, les minist\u00e8res de l\u2019Agriculture, de l\u2019Elevage et de la P\u00eache afin d\u2019identifier les opportunit\u00e9s d\u2019investissements dans ces diff\u00e9rents secteurs \u00e0 forte valeur ajout\u00e9e.<br \/>\nDes visites de terrain dans les r\u00e9gions du Trarza et Gorgol pour visiter les Blocs agricoles et \u00e0 Nouadhibou ont \u00e9galement eu lieu.<\/p>\n<p>Les membres de la d\u00e9l\u00e9gation ont \u00e9t\u00e9 accompagn\u00e9s par S.E M. Boubacar Kane, l\u2019ambassadeur de la Mauritanie en Espagne et Mme A\u00efssata Lam, Directrice G\u00e9n\u00e9rale de l\u2019APIM.<\/p>\n<p>La ministre a sign\u00e9 un protocole d&#8217;accord avec la directrice g\u00e9n\u00e9rale de l&#8217;Agence de promotion des investissements, Mme A\u00efssata Lam, lors d&#8217;un d\u00eener organis\u00e9 par l&#8217;APIM en partenariat avec le GBM au cours de cette visite.<br \/>\nSource APIM<\/p>\n","protected":false},"excerpt":{"rendered":"<p>La ministre des Affaires, de l\u2019emploi et des Universit\u00e9s, porte-parole officielle du Gouvernement de la province de Murcie, Mme Mar\u00eda del Valle Migu\u00e9lez, s&#8217;est rendue en Mauritanie samedi dernier accompagn\u00e9e d&#8217;une d\u00e9l\u00e9gation d\u2019investisseurs de Murcie et des Canaris. A cette occasion, plusieurs rencontres ont \u00e9t\u00e9 organis\u00e9es avec des institutions publiques et priv\u00e9es, notamment l\u2019Union Nationale &hellip;<\/p>\n","protected":false},"author":2,"featured_media":3711,"comment_status":"open","ping_status":"open","sticky":false,"template":"","format":"standard","meta":{"footnotes":""},"categories":[18,2],"tags":[],"class_list":["post-3710","post","type-post","status-publish","format-standard","has-post-thumbnail","hentry","category-actualites","category-economie"],"_links":{"self":[{"href":"https:\/\/ladepeche.mr\/index.php?rest_route=\/wp\/v2\/posts\/3710","targetHints":{"allow":["GET"]}}],"collection":[{"href":"https:\/\/ladepeche.mr\/index.php?rest_route=\/wp\/v2\/posts"}],"about":[{"href":"https:\/\/ladepeche.mr\/index.php?rest_route=\/wp\/v2\/types\/post"}],"author":[{"embeddable":true,"href":"https:\/\/ladepeche.mr\/index.php?rest_route=\/wp\/v2\/users\/2"}],"replies":[{"embeddable":true,"href":"https:\/\/ladepeche.mr\/index.php?rest_route=%2Fwp%2Fv2%2Fcomments&post=3710"}],"version-history":[{"count":3,"href":"https:\/\/ladepeche.mr\/index.php?rest_route=\/wp\/v2\/posts\/3710\/revisions"}],"predecessor-version":[{"id":3715,"href":"https:\/\/ladepeche.mr\/index.php?rest_route=\/wp\/v2\/posts\/3710\/revisions\/3715"}],"wp:featuredmedia":[{"embeddable":true,"href":"https:\/\/ladepeche.mr\/index.php?rest_route=\/wp\/v2\/media\/3711"}],"wp:attachment":[{"href":"https:\/\/ladepeche.mr\/index.php?rest_route=%2Fwp%2Fv2%2Fmedia&parent=3710"}],"wp:term":[{"taxonomy":"category","embeddable":true,"href":"https:\/\/ladepeche.mr\/index.php?rest_route=%2Fwp%2Fv2%2Fcategories&post=3710"},{"taxonomy":"post_tag","embeddable":true,"href":"https:\/\/ladepeche.mr\/index.php?rest_route=%2Fwp%2Fv2%2Ftags&post=3710"}],"curies":[{"name":"wp","href":"https:\/\/api.w.org\/{rel}","templated":true}]}}