{"id":3734,"date":"2023-01-19T20:46:15","date_gmt":"2023-01-19T20:46:15","guid":{"rendered":"https:\/\/ladepeche.mr\/?p=3734"},"modified":"2023-01-19T20:46:15","modified_gmt":"2023-01-19T20:46:15","slug":"festival-des-cites-du-patrimoine-le-president-de-la-republique-a-tichit-pour-en-superviser-le-demarrage","status":"publish","type":"post","link":"https:\/\/ladepeche.mr\/?p=3734","title":{"rendered":"Festival des Cit\u00e9s du Patrimoine: Le Pr\u00e9sident de la R\u00e9publique \u00e0 Tichit pour en superviser le d\u00e9marrage"},"content":{"rendered":"<p>Le Pr\u00e9sident de la R\u00e9publique, Son Excellence Monsieur Mohamed Ould Cheikh El Ghazouani, a quitt\u00e9, Nouakchott, jeudi, \u00e0 destination de Tichit pour superviser le d\u00e9marrage de la XXI \u00e9dition du festival des Cit\u00e9s du Patrimoine.<\/p>\n<p>A son d\u00e9part de l\u2019a\u00e9roport international de Nouakchott Oumtounsy , Son Excellence le Pr\u00e9sident de la R\u00e9publique a \u00e9t\u00e9 salu\u00e9 par le Premier ministre, M. Mohamed Ould Bilal Messaoud, la ministre Conseill\u00e8re \u00e0 la Pr\u00e9sidence de la R\u00e9publique, et les ministres de la Justice, de la D\u00e9fense nationale et de l\u2019Int\u00e9rieur et de la D\u00e9centralisation ainsi que par le Chef d\u2019\u00c9tat-major Particulier du Pr\u00e9sident de la R\u00e9publique, le wali de Nouakchott-Ouest et la vice-pr\u00e9sidente de la R\u00e9gion de Nouakchott.<\/p>\n<p>Le Pr\u00e9sident de la R\u00e9publique est accompagn\u00e9, au cours de ce voyage, de la d\u00e9l\u00e9gation suivante :<\/p>\n<p>-Moulay Ould Mohamed Leghdaf, ministre Secr\u00e9taire g\u00e9n\u00e9ral de la Pr\u00e9sidence de la R\u00e9publique ;<\/p>\n<p>-Dah Ould Sidi Ould Amar Taleb, ministre des Affaires islamiques et de l\u2019Enseignement Originel ;<\/p>\n<p>-Yahya Ould Ahmed El Waghef, ministre de l\u2019Agriculture ;<\/p>\n<p>-Mohamed Ould Abdallahi Ould Ethmane, ministre de l\u2019Elevage ;<\/p>\n<p>-Sidi Mohamed Ould Taleb Amar, ministre de l\u2019Hydraulique et de l\u2019Assainissement ;<\/p>\n<p>-Mohamed Ould Soue\u00eedatt, ministre de la Culture, de la Jeunesse, des Sports et des Relations avec le Parlement ;<\/p>\n<p>-Lamya Kamara, ministre de l\u2019Environnement et du D\u00e9veloppement durable,<\/p>\n<p>-Mohamed Ali Ould Sidi Mohamed, D\u00e9l\u00e9gu\u00e9 g\u00e9n\u00e9ral \u00e0 la Solidarit\u00e9 nationale et la Lutte contre l\u2019Exclusion(Taazour) ;<\/p>\n<p>-Fatimettou Mint Mahfoudh Ould Khattry, Commissaire \u00e0 la S\u00e9curit\u00e9 alimentaire ;<\/p>\n<p>-Isma\u00eal Ould Cheikh Ahmed, Directeur de Cabinet du Pr\u00e9sident de la R\u00e9publique ;<\/p>\n<p>-Sidi Ould Domane, Charg\u00e9 de Mission \u00e0 la Pr\u00e9sidence de la R\u00e9publique ;<\/p>\n<p>\u2013 Sidi Mohamed Ould Sidi Jaavar, Charg\u00e9 de Mission \u00e0 la Pr\u00e9sidence de la R\u00e9publique ;<\/p>\n<p>-Sidi Mohamed Ould Ghaber, Charg\u00e9 de Mission \u00e0 la Pr\u00e9sidence de la R\u00e9publique ;<\/p>\n<p>-A\u00eessata Daouda Diallo,Charg\u00e9e de Mission \u00e0 la Pr\u00e9sidence de la R\u00e9publique ;<\/p>\n<p>-El Hacen Ould Ahmed, Directeur g\u00e9n\u00e9ral des Protocoles de l\u2019Etat.<br \/>\nAmi<\/p>\n","protected":false},"excerpt":{"rendered":"<p>Le Pr\u00e9sident de la R\u00e9publique, Son Excellence Monsieur Mohamed Ould Cheikh El Ghazouani, a quitt\u00e9, Nouakchott, jeudi, \u00e0 destination de Tichit pour superviser le d\u00e9marrage de la XXI \u00e9dition du festival des Cit\u00e9s du Patrimoine. A son d\u00e9part de l\u2019a\u00e9roport international de Nouakchott Oumtounsy , Son Excellence le Pr\u00e9sident de la R\u00e9publique a \u00e9t\u00e9 salu\u00e9 &hellip;<\/p>\n","protected":false},"author":2,"featured_media":3735,"comment_status":"open","ping_status":"open","sticky":false,"template":"","format":"standard","meta":{"footnotes":""},"categories":[18,15],"tags":[],"class_list":["post-3734","post","type-post","status-publish","format-standard","has-post-thumbnail","hentry","category-actualites","category-culture"],"_links":{"self":[{"href":"https:\/\/ladepeche.mr\/index.php?rest_route=\/wp\/v2\/posts\/3734","targetHints":{"allow":["GET"]}}],"collection":[{"href":"https:\/\/ladepeche.mr\/index.php?rest_route=\/wp\/v2\/posts"}],"about":[{"href":"https:\/\/ladepeche.mr\/index.php?rest_route=\/wp\/v2\/types\/post"}],"author":[{"embeddable":true,"href":"https:\/\/ladepeche.mr\/index.php?rest_route=\/wp\/v2\/users\/2"}],"replies":[{"embeddable":true,"href":"https:\/\/ladepeche.mr\/index.php?rest_route=%2Fwp%2Fv2%2Fcomments&post=3734"}],"version-history":[{"count":1,"href":"https:\/\/ladepeche.mr\/index.php?rest_route=\/wp\/v2\/posts\/3734\/revisions"}],"predecessor-version":[{"id":3736,"href":"https:\/\/ladepeche.mr\/index.php?rest_route=\/wp\/v2\/posts\/3734\/revisions\/3736"}],"wp:featuredmedia":[{"embeddable":true,"href":"https:\/\/ladepeche.mr\/index.php?rest_route=\/wp\/v2\/media\/3735"}],"wp:attachment":[{"href":"https:\/\/ladepeche.mr\/index.php?rest_route=%2Fwp%2Fv2%2Fmedia&parent=3734"}],"wp:term":[{"taxonomy":"category","embeddable":true,"href":"https:\/\/ladepeche.mr\/index.php?rest_route=%2Fwp%2Fv2%2Fcategories&post=3734"},{"taxonomy":"post_tag","embeddable":true,"href":"https:\/\/ladepeche.mr\/index.php?rest_route=%2Fwp%2Fv2%2Ftags&post=3734"}],"curies":[{"name":"wp","href":"https:\/\/api.w.org\/{rel}","templated":true}]}}