{"id":3762,"date":"2023-01-20T20:43:42","date_gmt":"2023-01-20T20:43:42","guid":{"rendered":"https:\/\/ladepeche.mr\/?p=3762"},"modified":"2023-01-20T20:43:42","modified_gmt":"2023-01-20T20:43:42","slug":"mondialito-au-maroc-ce-que-vous-devez-savoir","status":"publish","type":"post","link":"https:\/\/ladepeche.mr\/?p=3762","title":{"rendered":"Mondialito au Maroc : Ce que vous devez savoir"},"content":{"rendered":"<p>Comme annonc\u00e9 par le pr\u00e9sident de la FIFA, Gianni Infantino, le Maroc sera le pays h\u00f4te de la prochaine \u00e9dition de la Coupe du monde des clubs 2023, \u00ab Mondialito\u00ab ,  du 1er au 11 f\u00e9vrier 2023. Quels enjeux et avantages pour le Royaume ?<\/p>\n<p>Ce sera la troisi\u00e8me fois que le Maroc organise le Mondialito, apr\u00e8s les \u00e9ditions de 2013 (victoire du Bayern Munich contre le Raja en final) et 2014 (sacre du Real Madrid), alors que la derni\u00e8re \u00e9dition de 2022 avait \u00e9t\u00e9 tenue aux \u00c9mirats arabes unis.<br \/>\nL\u2019annonce a \u00e9t\u00e9 bien accueillie au Maroc, qui \u00e9tait d\u00e9j\u00e0 content de voir ses Lions de l\u2019Atlas arriver en demi-finale de la Coupe du monde Qatar 2022, marquant ainsi l\u2019histoire de notre pays et de l\u2019Afrique.<br \/>\nConsid\u00e9r\u00e9 comme une nation footballistique, le Maroc dispose aujourd\u2019hui des infrastructures n\u00e9cessaires pour accueillir un tel \u00e9v\u00e9nement mondial, comme d\u00e9montr\u00e9 lors des pr\u00e9c\u00e9dentes \u00e9ditions. Une telle manifestation lui permettra de concr\u00e9tiser cette donn\u00e9e, mais aussi de p\u00e9renniser la publicit\u00e9 extraordinaire r\u00e9alis\u00e9e par nos Lions lors du Mondial.<\/p>\n<p>\u00ab L\u2019\u00e9tat des stades et des infrastructures s\u2019est am\u00e9lior\u00e9 et le Maroc est pr\u00eat \u00e0 organiser la Coupe du monde des clubs de la FIFA. Apr\u00e8s les deux premi\u00e8res exp\u00e9riences, des changements majeurs sont intervenus dans le syst\u00e8me du football au Maroc, et le pays s\u2019est qualifi\u00e9 en termes d\u2019infrastructures et de force organisationnelle \u00bb, a confi\u00e9 \u00e0 Hespress, le technicien national, Hassan Moumen.<\/p>\n<p>En effet, selon l\u2019expert, si la FIFA n\u2019\u00e9tait pas s\u00fbre de la capacit\u00e9 du Maroc d\u2019organiser un tel \u00e9v\u00e9nement, elle ne lui aurait pas accord\u00e9 l\u2019organisation du Mondialito, d\u2019autant plus qu\u2019Infantino \u00e9tait souvent en visite au Maroc et remarquait les changements op\u00e9r\u00e9s.<\/p>\n<p>\u00ab Un grand projet li\u00e9 \u00e0 la r\u00e9habilitation du football national a \u00e9t\u00e9 mis en \u0153uvre. L\u2019\u00e9tat d\u2019un certain nombre de stades et de leur gazon a \u00e9t\u00e9 am\u00e9lior\u00e9, et la plupart des stades sont en bon \u00e9tat et recouverts d\u2019un excellent gazon naturel notamment \u00e0 Tanger, Berkane, K\u00e9nitra, F\u00e8s, Rabat et Marrakech, en plus du stade Cheikh-Mohamed Laghdaf de La\u00e2youne. S\u2019ajoute \u00e0 cela la pr\u00e9sence sensationnelle du public marocain qui est apparu au Qatar comme une v\u00e9ritable force de pulsion derri\u00e8re la s\u00e9lection nationale du Qatar, offrant au monde entier une tr\u00e8s belle image du Royaume\u00ab , a expliqu\u00e9 Moumen.<br \/>\nVenons en \u00e0 ce que cela va rapporter au pays c\u00f4t\u00e9 argent ! Le Maroc devrait r\u00e9aliser des b\u00e9n\u00e9fices importants en termes de r\u00e9putation internationale, puisqu\u2019il sera la destination footballistique des grands clubs internationaux pendant environ deux semaines, analyse l\u2019\u00e9conomiste Mohamed Jedry, notant que 360.000 spectateurs sont attendus, et que le Royaume fera certainement des profits.<\/p>\n<p>En effet, les profits dont parle l\u2019\u00e9conomiste consistent en gros dans les r\u00e9servations des billets d\u2019avion, h\u00f4tels, restaurants, transports, artisanat, tourisme, etc, et qu\u2019il a estim\u00e9 \u00e0 pr\u00e8s d\u2019un milliard de dirhams.<\/p>\n<p>Il convient de rappeler que la FIFA, par la voix de son pr\u00e9sident Gianni Infantino, a officialis\u00e9, vendredi 16 d\u00e9cembre, le choix du Maroc pour accueillir la prochaine Coupe du monde des clubs au cours du mois du 1er au 11 f\u00e9vrier 2023.<\/p>\n<p>Prendront part \u00e0 cette Coupe du monde le Wydad de Casablanca, champion d\u2019Afrique en titre, le Real Madrid, vainqueur de la Ligue des champions d\u2019Europe, Flamengo, qui a gagn\u00e9 la Copa Libertadores, les Sounders de Seattle, vainqueurs de la Ligue des Champions de la CONCACAF, et Auckland City qui s\u2019est adjug\u00e9 la Ligue des Champions de l\u2019OFC (Oc\u00e9anie).<\/p>\n<p>Cette Coupe connaitra \u00e9galement la participation du vainqueur de la Ligue des champions d\u2019Asie, dont la finale sera disput\u00e9e en janvier prochain, ainsi que du repr\u00e9sentant du pays organisateur.<\/p>\n<p>Source: https:\/\/fr.hespress.com\/294972-mondialito-au-maroc-ce-que-vous-devez-savoir.html<\/p>\n","protected":false},"excerpt":{"rendered":"<p>Comme annonc\u00e9 par le pr\u00e9sident de la FIFA, Gianni Infantino, le Maroc sera le pays h\u00f4te de la prochaine \u00e9dition de la Coupe du monde des clubs 2023, \u00ab Mondialito\u00ab , du 1er au 11 f\u00e9vrier 2023. Quels enjeux et avantages pour le Royaume ? Ce sera la troisi\u00e8me fois que le Maroc organise le &hellip;<\/p>\n","protected":false},"author":2,"featured_media":3763,"comment_status":"open","ping_status":"open","sticky":false,"template":"","format":"standard","meta":{"footnotes":""},"categories":[17],"tags":[],"class_list":["post-3762","post","type-post","status-publish","format-standard","has-post-thumbnail","hentry","category-sports"],"_links":{"self":[{"href":"https:\/\/ladepeche.mr\/index.php?rest_route=\/wp\/v2\/posts\/3762","targetHints":{"allow":["GET"]}}],"collection":[{"href":"https:\/\/ladepeche.mr\/index.php?rest_route=\/wp\/v2\/posts"}],"about":[{"href":"https:\/\/ladepeche.mr\/index.php?rest_route=\/wp\/v2\/types\/post"}],"author":[{"embeddable":true,"href":"https:\/\/ladepeche.mr\/index.php?rest_route=\/wp\/v2\/users\/2"}],"replies":[{"embeddable":true,"href":"https:\/\/ladepeche.mr\/index.php?rest_route=%2Fwp%2Fv2%2Fcomments&post=3762"}],"version-history":[{"count":1,"href":"https:\/\/ladepeche.mr\/index.php?rest_route=\/wp\/v2\/posts\/3762\/revisions"}],"predecessor-version":[{"id":3764,"href":"https:\/\/ladepeche.mr\/index.php?rest_route=\/wp\/v2\/posts\/3762\/revisions\/3764"}],"wp:featuredmedia":[{"embeddable":true,"href":"https:\/\/ladepeche.mr\/index.php?rest_route=\/wp\/v2\/media\/3763"}],"wp:attachment":[{"href":"https:\/\/ladepeche.mr\/index.php?rest_route=%2Fwp%2Fv2%2Fmedia&parent=3762"}],"wp:term":[{"taxonomy":"category","embeddable":true,"href":"https:\/\/ladepeche.mr\/index.php?rest_route=%2Fwp%2Fv2%2Fcategories&post=3762"},{"taxonomy":"post_tag","embeddable":true,"href":"https:\/\/ladepeche.mr\/index.php?rest_route=%2Fwp%2Fv2%2Ftags&post=3762"}],"curies":[{"name":"wp","href":"https:\/\/api.w.org\/{rel}","templated":true}]}}