{"id":3765,"date":"2023-01-20T20:59:38","date_gmt":"2023-01-20T20:59:38","guid":{"rendered":"https:\/\/ladepeche.mr\/?p=3765"},"modified":"2023-01-20T21:00:24","modified_gmt":"2023-01-20T21:00:24","slug":"sahel-sommet-des-super-flics-de-renseignements-a-niamey","status":"publish","type":"post","link":"https:\/\/ladepeche.mr\/?p=3765","title":{"rendered":"Sahel : Sommet des super flics de renseignements \u00e0 Niamey"},"content":{"rendered":"<p>Une r\u00e9union de haut niveau sur la s\u00e9curit\u00e9 au Sahel s\u2019est tenue hier jeudi 19 janvier \u00e0 Niamey sous l\u2019\u00e9gide de l\u2019ancien pr\u00e9sident nig\u00e9rien, Mahamadou Issoufou (Photo ).<\/p>\n<p>Des officiels de hauts rangs et des responsables des renseignements g\u00e9n\u00e9raux et de la s\u00e9curit\u00e9 ext\u00e9rieure des pays du Sahel ont tent\u00e9 de coordonner leurs strat\u00e9gies pour mieux lutter contre le terrorisme qui endeuille la sous-r\u00e9gion.<\/p>\n<p>La cinquantaine de participants a unanimement reconnu que le Sahel est l\u2019\u00e9picentre de tous les types de trafic, de criminalit\u00e9 et d\u2019extr\u00e9misme violent, comme le rel\u00e8ve le facilitateur du panel, le g\u00e9n\u00e9ral Babacar Gueye (ndlr : officier s\u00e9n\u00e9galais, ancien commandant des troupes de l\u2019ONU en RDC) : \u00ab Il y a bien une crise s\u00e9curitaire dans le Sahel qui \u00e9branle tous les ordres \u00e9tablis, tous les \u00e9quilibres. Et ce dont nous allons d\u00e9battre, c\u2019est essentiellement de cette s\u00e9curit\u00e9, de ces probl\u00e8mes s\u00e9curitaires, de leurs tenants et de leurs aboutissants. \u00bb<br \/>\nLes organisateurs du \u00absommet\u00bb de Niamey ont r\u00e9ussi \u00e0 f\u00e9d\u00e9rer seize patrons des services de renseignements g\u00e9n\u00e9raux et de la s\u00e9curit\u00e9 ext\u00e9rieure du Sahel. \u00abDe l\u2019Alg\u00e9rie \u00e0 la Guin\u00e9e-Bissau, du S\u00e9n\u00e9gal au Tchad, seize \u00c9tats sont pr\u00e9sents\u00bb, ajoute le g\u00e9n\u00e9ral Babacar Gueye.<\/p>\n<p>Sans les services de renseignement, les \u00c9tats sont sourds et aveugles, remarque l\u2019ancien pr\u00e9sident nig\u00e9rien Issoufou Mahamadou, qui sait de quoi il parle, lui qui a combattu les terroristes durant ses deux mandats \u00e0 la t\u00eate du Niger. \u00abLes services de renseignement ont un r\u00f4le d\u2019autant plus important \u00e0 jouer que l\u2019ennemi n\u2019est pas un ennemi conventionnel. Les \u00c9tats ont besoin de vous pour conna\u00eetre les forces et les faiblesses de l\u2019ennemi. \u00bb, a-t-il lanc\u00e9 \u00e0 ses h\u00f4tes.<\/p>\n<blockquote class=\"wp-embedded-content\" data-secret=\"yvxrrK81oQ\"><p><a href=\"https:\/\/afrimag.net\/sahel-sommet-des-super-flics-de-renseignements-a-niamey\/\">Sahel\u00a0: Sommet des super flics de renseignements \u00e0 Niamey<\/a><\/p><\/blockquote>\n<p><iframe loading=\"lazy\" class=\"wp-embedded-content\" sandbox=\"allow-scripts\" security=\"restricted\" style=\"position: absolute; clip: rect(1px, 1px, 1px, 1px);\" title=\"\u00ab\u00a0Sahel\u00a0: Sommet des super flics de renseignements \u00e0 Niamey\u00a0\u00bb &#8212; Afrimag\" src=\"https:\/\/afrimag.net\/sahel-sommet-des-super-flics-de-renseignements-a-niamey\/embed\/#?secret=T4sbAEdwK0#?secret=yvxrrK81oQ\" data-secret=\"yvxrrK81oQ\" width=\"500\" height=\"282\" frameborder=\"0\" marginwidth=\"0\" marginheight=\"0\" scrolling=\"no\"><\/iframe><\/p>\n","protected":false},"excerpt":{"rendered":"<p>Une r\u00e9union de haut niveau sur la s\u00e9curit\u00e9 au Sahel s\u2019est tenue hier jeudi 19 janvier \u00e0 Niamey sous l\u2019\u00e9gide de l\u2019ancien pr\u00e9sident nig\u00e9rien, Mahamadou Issoufou (Photo ). Des officiels de hauts rangs et des responsables des renseignements g\u00e9n\u00e9raux et de la s\u00e9curit\u00e9 ext\u00e9rieure des pays du Sahel ont tent\u00e9 de coordonner leurs strat\u00e9gies pour &hellip;<\/p>\n","protected":false},"author":2,"featured_media":3766,"comment_status":"open","ping_status":"open","sticky":false,"template":"","format":"standard","meta":{"footnotes":""},"categories":[18,29,28],"tags":[],"class_list":["post-3765","post","type-post","status-publish","format-standard","has-post-thumbnail","hentry","category-actualites","category-monde","category-sahel"],"_links":{"self":[{"href":"https:\/\/ladepeche.mr\/index.php?rest_route=\/wp\/v2\/posts\/3765","targetHints":{"allow":["GET"]}}],"collection":[{"href":"https:\/\/ladepeche.mr\/index.php?rest_route=\/wp\/v2\/posts"}],"about":[{"href":"https:\/\/ladepeche.mr\/index.php?rest_route=\/wp\/v2\/types\/post"}],"author":[{"embeddable":true,"href":"https:\/\/ladepeche.mr\/index.php?rest_route=\/wp\/v2\/users\/2"}],"replies":[{"embeddable":true,"href":"https:\/\/ladepeche.mr\/index.php?rest_route=%2Fwp%2Fv2%2Fcomments&post=3765"}],"version-history":[{"count":2,"href":"https:\/\/ladepeche.mr\/index.php?rest_route=\/wp\/v2\/posts\/3765\/revisions"}],"predecessor-version":[{"id":3768,"href":"https:\/\/ladepeche.mr\/index.php?rest_route=\/wp\/v2\/posts\/3765\/revisions\/3768"}],"wp:featuredmedia":[{"embeddable":true,"href":"https:\/\/ladepeche.mr\/index.php?rest_route=\/wp\/v2\/media\/3766"}],"wp:attachment":[{"href":"https:\/\/ladepeche.mr\/index.php?rest_route=%2Fwp%2Fv2%2Fmedia&parent=3765"}],"wp:term":[{"taxonomy":"category","embeddable":true,"href":"https:\/\/ladepeche.mr\/index.php?rest_route=%2Fwp%2Fv2%2Fcategories&post=3765"},{"taxonomy":"post_tag","embeddable":true,"href":"https:\/\/ladepeche.mr\/index.php?rest_route=%2Fwp%2Fv2%2Ftags&post=3765"}],"curies":[{"name":"wp","href":"https:\/\/api.w.org\/{rel}","templated":true}]}}