{"id":3772,"date":"2023-01-21T16:23:31","date_gmt":"2023-01-21T16:23:31","guid":{"rendered":"https:\/\/ladepeche.mr\/?p=3772"},"modified":"2023-01-21T16:23:31","modified_gmt":"2023-01-21T16:23:31","slug":"culture-le-president-de-la-republique-regagne-la-capitale-en-provenance-de-tichit","status":"publish","type":"post","link":"https:\/\/ladepeche.mr\/?p=3772","title":{"rendered":"Culture: Le Pr\u00e9sident de la R\u00e9publique regagne la capitale en provenance de Tichit"},"content":{"rendered":"<p>Son Excellence le Pr\u00e9sident de la R\u00e9publique, M. Mohamed Ould Cheikh El Ghazouani, a regagn\u00e9, ce samedi, Nouakchott en provenance de la ville de Tichit, apr\u00e8s avoir supervis\u00e9 le lancement de la onzi\u00e8me \u00e9dition du Festival des Cit\u00e9s du Patrimoine.<\/p>\n<p>(&#8230;) M. Mohamed Ould Cheikh El Ghazouani, a assist\u00e9, vendredi soir, \u00e0 la premi\u00e8re soir\u00e9e culturelle et artistique organis\u00e9e dans le cadre de la 11\u00e8me \u00e9dition du Festival des Cit\u00e9s du Patrimoine \u00e0 Tichit.<\/p>\n<p>La soir\u00e9e a comport\u00e9 des louages du Proph\u00e8te (PSL), des chants religieux, de la po\u00e9sie classique et populaire, des pr\u00e9sentations th\u00e9\u00e2trales et divers sc\u00e8nes artistiques.<\/p>\n<p>Dans la s\u00e9ance de cl\u00f4ture de la soir\u00e9e, un court-m\u00e9trage, portant sur le Prix du Pr\u00e9sident de la R\u00e9publique des Beaux-Arts et sur son r\u00f4le dans la promotion de l\u2019esprit cr\u00e9atif et de l\u2019art sur la sc\u00e8ne nationale dans les domaines de la peinture, du cin\u00e9ma et de la musique, a \u00e9t\u00e9 projet\u00e9.<\/p>\n<p>A cette occasion, le Prix du Pr\u00e9sident de la R\u00e9publique pour les Beaux-Arts a \u00e9t\u00e9 remis par Son Excellence le Pr\u00e9sident de la R\u00e9publique comme suit :<\/p>\n<p>\u2013 Le Prix du th\u00e9\u00e2tre : La troupe \u00ab Erouwad \u00bb pour leur pr\u00e9sentation \u00ab Zeman yekulou el maa \u00bb,<\/p>\n<p>\u2013 Le Prix de la peinture : M. Abass Sow pour son tableau \u00ab La Mahadra \u00bb,<\/p>\n<p>\u2013 Le Prix du Cin\u00e9ma : MM Moustapha El Bane pour son film \u00ab M\u00e9moire de l\u2019Orient \u00bb et Khalifa Sy pour son film \u00ab Kafia \u00bb,<\/p>\n<p>\u2013 Le Prix de la musique : Mourad Ould Ahmed Zeidane.<\/p>\n<p>Le Pr\u00e9sident de la R\u00e9publique a prim\u00e9 \u00e9galement MM :<\/p>\n<p>\u2013 Le grand artiste Sidi Ahmed Ould Ahmed Zeindane,<\/p>\n<p>\u2013 Moctar Ould Sidi dit Mokhis,<\/p>\n<p>\u2013 Ali Barick,<\/p>\n<p>\u2013 Mohamed Vall Abderrahmane,<\/p>\n<p>\u2013 Le metteur en sc\u00e8ne Baba Ould Mini,<\/p>\n<p>\u2013 La metteuse en sc\u00e8ne Mme Lalla Kaber,<\/p>\n<p>\u2013 L\u2019artiste Mme Hawa Djimira,<\/p>\n<p>\u2013 Le metteur en sc\u00e8ne Sidi Mohamed Cheigueur.<\/p>\n<p>La remise des prix a \u00e9t\u00e9 couronn\u00e9e par la prise d\u2019une photo de famille avec Son Excellence le Pr\u00e9sident de la R\u00e9publique.<\/p>\n<p>La soir\u00e9e artistique s\u2019est d\u00e9roul\u00e9e en pr\u00e9sence de Madame la Premi\u00e8re Dame, Mari\u00e8m Mint Dah, du wali du Tagant, de la d\u00e9l\u00e9gation accompagnant le Pr\u00e9sident de la R\u00e9publique, des autorit\u00e9s administratives, des \u00e9lus et des cadres et des notables de la ville de Tichit, ainsi que d\u2019un public nombreux.<br \/>\nAmi<\/p>\n","protected":false},"excerpt":{"rendered":"<p>Son Excellence le Pr\u00e9sident de la R\u00e9publique, M. Mohamed Ould Cheikh El Ghazouani, a regagn\u00e9, ce samedi, Nouakchott en provenance de la ville de Tichit, apr\u00e8s avoir supervis\u00e9 le lancement de la onzi\u00e8me \u00e9dition du Festival des Cit\u00e9s du Patrimoine. (&#8230;) M. Mohamed Ould Cheikh El Ghazouani, a assist\u00e9, vendredi soir, \u00e0 la premi\u00e8re soir\u00e9e &hellip;<\/p>\n","protected":false},"author":2,"featured_media":3773,"comment_status":"open","ping_status":"open","sticky":false,"template":"","format":"standard","meta":{"footnotes":""},"categories":[18,15],"tags":[],"class_list":["post-3772","post","type-post","status-publish","format-standard","has-post-thumbnail","hentry","category-actualites","category-culture"],"_links":{"self":[{"href":"https:\/\/ladepeche.mr\/index.php?rest_route=\/wp\/v2\/posts\/3772","targetHints":{"allow":["GET"]}}],"collection":[{"href":"https:\/\/ladepeche.mr\/index.php?rest_route=\/wp\/v2\/posts"}],"about":[{"href":"https:\/\/ladepeche.mr\/index.php?rest_route=\/wp\/v2\/types\/post"}],"author":[{"embeddable":true,"href":"https:\/\/ladepeche.mr\/index.php?rest_route=\/wp\/v2\/users\/2"}],"replies":[{"embeddable":true,"href":"https:\/\/ladepeche.mr\/index.php?rest_route=%2Fwp%2Fv2%2Fcomments&post=3772"}],"version-history":[{"count":1,"href":"https:\/\/ladepeche.mr\/index.php?rest_route=\/wp\/v2\/posts\/3772\/revisions"}],"predecessor-version":[{"id":3774,"href":"https:\/\/ladepeche.mr\/index.php?rest_route=\/wp\/v2\/posts\/3772\/revisions\/3774"}],"wp:featuredmedia":[{"embeddable":true,"href":"https:\/\/ladepeche.mr\/index.php?rest_route=\/wp\/v2\/media\/3773"}],"wp:attachment":[{"href":"https:\/\/ladepeche.mr\/index.php?rest_route=%2Fwp%2Fv2%2Fmedia&parent=3772"}],"wp:term":[{"taxonomy":"category","embeddable":true,"href":"https:\/\/ladepeche.mr\/index.php?rest_route=%2Fwp%2Fv2%2Fcategories&post=3772"},{"taxonomy":"post_tag","embeddable":true,"href":"https:\/\/ladepeche.mr\/index.php?rest_route=%2Fwp%2Fv2%2Ftags&post=3772"}],"curies":[{"name":"wp","href":"https:\/\/api.w.org\/{rel}","templated":true}]}}