{"id":3775,"date":"2023-01-21T17:29:46","date_gmt":"2023-01-21T17:29:46","guid":{"rendered":"https:\/\/ladepeche.mr\/?p=3775"},"modified":"2023-01-21T17:29:46","modified_gmt":"2023-01-21T17:29:46","slug":"mali-minusma-le-doute-gagne-lonu","status":"publish","type":"post","link":"https:\/\/ladepeche.mr\/?p=3775","title":{"rendered":"Mali : Minusma, le doute gagne l\u2019ONU"},"content":{"rendered":"<p>Dans un rapport qui sera pr\u00e9sent\u00e9 dans les prochains jours \u00e0 New York au quartier g\u00e9n\u00e9ral de l\u2019ONU dont RFI rapporte des larges extraits, il appara\u00eet clairement que les Nations unies s\u2019interrogent sur l\u2019opportunit\u00e9 de maintenir la pr\u00e9sence des Casques bleus au Mali. En plus des obstructions pos\u00e9es \u00e0 la mobilit\u00e9 des \u00e9l\u00e9ments de la Minusma (la mission de maintien de la paix au Mali) par Bamako, la pr\u00e9sence des mercenaires de Wagner a pouss\u00e9 l\u2019ONU \u00e0 envisager toutes les options, y compris celle du retrait pur et simple de ce pays.<\/p>\n<p>Le rapport passe en revue trois \u00e9ventualit\u00e9s. La premi\u00e8re option est celle d\u2019une augmentation du nombre de Casques bleus, pour combler les besoins li\u00e9s \u00e0 l\u2019extension du mandat de la mission au centre du pays en 2019, \u00e0 l\u2019expansion de la pr\u00e9sence jihadiste \u2013 notamment dans le Nord-Est du Mali, r\u00e9gion de M\u00e9naka, et dans le Centre \u2013, mais aussi au retrait de la force Barkhane, achev\u00e9 cet \u00e9t\u00e9, qui apportait un soutien a\u00e9rien notamment aux forces onusiennes en cas de besoin.<\/p>\n<p>Les Nations unies envisagent ainsi pr\u00e8s de 3 700 casques bleus suppl\u00e9mentaires (3680 militaires et policiers, ou 2000 seulement dans une version plus modeste de ce renforcement). Le mandat actuel en autorise un peu plus de 13 000.<br \/>\nLire la suite sur: https:\/\/afrimag.net\/mali-minusma-le-doute-gagne-lonu\/<\/p>\n","protected":false},"excerpt":{"rendered":"<p>Dans un rapport qui sera pr\u00e9sent\u00e9 dans les prochains jours \u00e0 New York au quartier g\u00e9n\u00e9ral de l\u2019ONU dont RFI rapporte des larges extraits, il appara\u00eet clairement que les Nations unies s\u2019interrogent sur l\u2019opportunit\u00e9 de maintenir la pr\u00e9sence des Casques bleus au Mali. En plus des obstructions pos\u00e9es \u00e0 la mobilit\u00e9 des \u00e9l\u00e9ments de la &hellip;<\/p>\n","protected":false},"author":2,"featured_media":3776,"comment_status":"open","ping_status":"open","sticky":false,"template":"","format":"standard","meta":{"footnotes":""},"categories":[18,29,28],"tags":[],"class_list":["post-3775","post","type-post","status-publish","format-standard","has-post-thumbnail","hentry","category-actualites","category-monde","category-sahel"],"_links":{"self":[{"href":"https:\/\/ladepeche.mr\/index.php?rest_route=\/wp\/v2\/posts\/3775","targetHints":{"allow":["GET"]}}],"collection":[{"href":"https:\/\/ladepeche.mr\/index.php?rest_route=\/wp\/v2\/posts"}],"about":[{"href":"https:\/\/ladepeche.mr\/index.php?rest_route=\/wp\/v2\/types\/post"}],"author":[{"embeddable":true,"href":"https:\/\/ladepeche.mr\/index.php?rest_route=\/wp\/v2\/users\/2"}],"replies":[{"embeddable":true,"href":"https:\/\/ladepeche.mr\/index.php?rest_route=%2Fwp%2Fv2%2Fcomments&post=3775"}],"version-history":[{"count":1,"href":"https:\/\/ladepeche.mr\/index.php?rest_route=\/wp\/v2\/posts\/3775\/revisions"}],"predecessor-version":[{"id":3777,"href":"https:\/\/ladepeche.mr\/index.php?rest_route=\/wp\/v2\/posts\/3775\/revisions\/3777"}],"wp:featuredmedia":[{"embeddable":true,"href":"https:\/\/ladepeche.mr\/index.php?rest_route=\/wp\/v2\/media\/3776"}],"wp:attachment":[{"href":"https:\/\/ladepeche.mr\/index.php?rest_route=%2Fwp%2Fv2%2Fmedia&parent=3775"}],"wp:term":[{"taxonomy":"category","embeddable":true,"href":"https:\/\/ladepeche.mr\/index.php?rest_route=%2Fwp%2Fv2%2Fcategories&post=3775"},{"taxonomy":"post_tag","embeddable":true,"href":"https:\/\/ladepeche.mr\/index.php?rest_route=%2Fwp%2Fv2%2Ftags&post=3775"}],"curies":[{"name":"wp","href":"https:\/\/api.w.org\/{rel}","templated":true}]}}