{"id":3785,"date":"2023-01-21T19:18:45","date_gmt":"2023-01-21T19:18:45","guid":{"rendered":"https:\/\/ladepeche.mr\/?p=3785"},"modified":"2023-01-21T19:18:45","modified_gmt":"2023-01-21T19:18:45","slug":"mali-larmee-recoit-une-dizaine-davions-de-chasse-et-dhelicopteres-russes","status":"publish","type":"post","link":"https:\/\/ladepeche.mr\/?p=3785","title":{"rendered":"Mali : L\u2019arm\u00e9e re\u00e7oit une dizaine d\u2019avions de chasse et d\u2019h\u00e9licopt\u00e8res russes"},"content":{"rendered":"<p>Les Forces arm\u00e9es maliennes (FAMa) ont re\u00e7u une dizaine d\u2019avions de chasse et d\u2019h\u00e9licopt\u00e8res russes, a annonc\u00e9 la pr\u00e9sidence malienne jeudi 19 janvier dans un communiqu\u00e9.<\/p>\n<p>Ces acquisitions viennent renforcer les capacit\u00e9s a\u00e9riennes des FAMa qui c\u00e9l\u00e8brent vendredi le 62e anniversaire de leur cr\u00e9ation. Elles sont pr\u00e9cis\u00e9ment compos\u00e9es d\u2019avions de chasse et d\u2019appui feu de type Soukho\u00ef 25, d\u2019avions d\u2019attaque et d\u2019entra\u00eenement avanc\u00e9 de type Albatros L39 et d\u2019h\u00e9licopt\u00e8res Mi-8.  Ces a\u00e9ronefs sont  \u00bbadapt\u00e9s aux r\u00e9alit\u00e9s g\u00e9ographiques et \u00e0 la rigueur climatiques du Mali \u00bb, selon le g\u00e9n\u00e9ral de brigade Alou Bo\u00ef Diarra, chef d\u2019\u00e9tat-major g\u00e9n\u00e9ral de l\u2019Arm\u00e9e de l\u2019air.   \u00bbC\u2019est une priorit\u00e9 pour chaque Etat de garantir la s\u00e9curit\u00e9 de sa population \u00bb et  \u00bbcette responsabilit\u00e9 ne fait pas peur aux autorit\u00e9s maliennes qui se sont engag\u00e9es \u00e0 mieux doter l\u2019outil de d\u00e9fense \u00bb, a indiqu\u00e9, pour sa part, le ministre de la D\u00e9fense et des Anciens combattants, le colonel Sadio Camara.   \u00bbLa volont\u00e9 de moderniser et d\u2019\u00e9quiper notre arm\u00e9e n\u2019est pas uniquement li\u00e9e \u00e0 la crise s\u00e9curitaire, mais plut\u00f4t au souci d\u2019assurer la s\u00e9curit\u00e9 de la population qui n\u2019est pas un luxe, mais une n\u00e9cessit\u00e9 \u00bb, a-t-il ajout\u00e9.  Avec ces acquisitions,  \u00bble Mali occupe la 2e place en termes de puissance de feu en Afrique de l\u2019Ouest \u00bb, a confi\u00e9 \u00e0 la presse Fousseynou Ouattara, pr\u00e9sident de la commission de la D\u00e9fense, de la S\u00e9curit\u00e9 et de la Protection civile du Conseil national de la transition (CNT).<\/p>\n<blockquote class=\"wp-embedded-content\" data-secret=\"pjZo7NiLwA\"><p><a href=\"https:\/\/afrimag.net\/mali-larmee-recoit-une-dizaine-davions-de-chasse-et-dhelicopteres-russes\/\">Mali : L&rsquo;arm\u00e9e re\u00e7oit une dizaine d&rsquo;avions de chasse et d&rsquo;h\u00e9licopt\u00e8res russes<\/a><\/p><\/blockquote>\n<p><iframe loading=\"lazy\" class=\"wp-embedded-content\" sandbox=\"allow-scripts\" security=\"restricted\" style=\"position: absolute; clip: rect(1px, 1px, 1px, 1px);\" title=\"\u00ab\u00a0Mali : L&rsquo;arm\u00e9e re\u00e7oit une dizaine d&rsquo;avions de chasse et d&rsquo;h\u00e9licopt\u00e8res russes\u00a0\u00bb &#8212; Afrimag\" src=\"https:\/\/afrimag.net\/mali-larmee-recoit-une-dizaine-davions-de-chasse-et-dhelicopteres-russes\/embed\/#?secret=BAPYVGwgie#?secret=pjZo7NiLwA\" data-secret=\"pjZo7NiLwA\" width=\"500\" height=\"282\" frameborder=\"0\" marginwidth=\"0\" marginheight=\"0\" scrolling=\"no\"><\/iframe><\/p>\n","protected":false},"excerpt":{"rendered":"<p>Les Forces arm\u00e9es maliennes (FAMa) ont re\u00e7u une dizaine d\u2019avions de chasse et d\u2019h\u00e9licopt\u00e8res russes, a annonc\u00e9 la pr\u00e9sidence malienne jeudi 19 janvier dans un communiqu\u00e9. Ces acquisitions viennent renforcer les capacit\u00e9s a\u00e9riennes des FAMa qui c\u00e9l\u00e8brent vendredi le 62e anniversaire de leur cr\u00e9ation. Elles sont pr\u00e9cis\u00e9ment compos\u00e9es d\u2019avions de chasse et d\u2019appui feu de &hellip;<\/p>\n","protected":false},"author":2,"featured_media":3786,"comment_status":"open","ping_status":"open","sticky":false,"template":"","format":"standard","meta":{"footnotes":""},"categories":[29,28],"tags":[],"class_list":["post-3785","post","type-post","status-publish","format-standard","has-post-thumbnail","hentry","category-monde","category-sahel"],"_links":{"self":[{"href":"https:\/\/ladepeche.mr\/index.php?rest_route=\/wp\/v2\/posts\/3785","targetHints":{"allow":["GET"]}}],"collection":[{"href":"https:\/\/ladepeche.mr\/index.php?rest_route=\/wp\/v2\/posts"}],"about":[{"href":"https:\/\/ladepeche.mr\/index.php?rest_route=\/wp\/v2\/types\/post"}],"author":[{"embeddable":true,"href":"https:\/\/ladepeche.mr\/index.php?rest_route=\/wp\/v2\/users\/2"}],"replies":[{"embeddable":true,"href":"https:\/\/ladepeche.mr\/index.php?rest_route=%2Fwp%2Fv2%2Fcomments&post=3785"}],"version-history":[{"count":1,"href":"https:\/\/ladepeche.mr\/index.php?rest_route=\/wp\/v2\/posts\/3785\/revisions"}],"predecessor-version":[{"id":3787,"href":"https:\/\/ladepeche.mr\/index.php?rest_route=\/wp\/v2\/posts\/3785\/revisions\/3787"}],"wp:featuredmedia":[{"embeddable":true,"href":"https:\/\/ladepeche.mr\/index.php?rest_route=\/wp\/v2\/media\/3786"}],"wp:attachment":[{"href":"https:\/\/ladepeche.mr\/index.php?rest_route=%2Fwp%2Fv2%2Fmedia&parent=3785"}],"wp:term":[{"taxonomy":"category","embeddable":true,"href":"https:\/\/ladepeche.mr\/index.php?rest_route=%2Fwp%2Fv2%2Fcategories&post=3785"},{"taxonomy":"post_tag","embeddable":true,"href":"https:\/\/ladepeche.mr\/index.php?rest_route=%2Fwp%2Fv2%2Ftags&post=3785"}],"curies":[{"name":"wp","href":"https:\/\/api.w.org\/{rel}","templated":true}]}}