{"id":3790,"date":"2023-01-22T21:37:20","date_gmt":"2023-01-22T21:37:20","guid":{"rendered":"https:\/\/ladepeche.mr\/?p=3790"},"modified":"2023-01-22T21:40:47","modified_gmt":"2023-01-22T21:40:47","slug":"proces-plusieurs-temoins-a-charge-appeles-mercredi-a-la-barre","status":"publish","type":"post","link":"https:\/\/ladepeche.mr\/?p=3790","title":{"rendered":"Proc\u00e8s AZIZ- Plusieurs t\u00e9moins \u00e0 charge appel\u00e9s mercredi \u00e0 la barre"},"content":{"rendered":"<p>Plusieurs personnalit\u00e9s dont d&#8217;anciens collaborateurs de l&#8217;ancien pr\u00e9sident, Mohamed Ould Abdel Aziz, seront confront\u00e9es mercredi avec lui, comme t\u00e9moins dans le cadre de son proc\u00e8s, apprend-on de sources concordantes.<br \/>\nIl s&#8217;agit, entre autres, de l&#8217;ancien puissant ministre de l&#8217;\u00e9conomie et des finances, Mokhtar Ould Diaye. Ould Diaye avait publiquement d\u00e9fendu tous les projets entrepris par l&#8217;ancien pr\u00e9sident et consid\u00e9r\u00e9s aujourd&#8217;hui comme des dossiers o\u00f9 la corruption ou le d\u00e9tournement ont eu lieu.<br \/>\nPlusieurs observateurs restent dubitatifs quant la &#8220;protection&#8221; dont jouirait le ministre de l&#8217;\u00e9conomie et des finances que les citoyens confondent avec l&#8217;ancien pr\u00e9sident tant il \u00e9tait solidaire de tous ses actes.<br \/>\nL&#8217;homme aurait, dit-on, n\u00e9goci\u00e9 une sortie pour lui lors de la mise en place de la commission d&#8217;enqu\u00eate parlementaire.<br \/>\nLe march\u00e9 pass\u00e9 avec les autorit\u00e9s judiciaires stipulerait son t\u00e9moignage \u00e0 charge contre l&#8217;ancien pr\u00e9sident, contre \u00ab une magnanimit\u00e9 \u00bb dans le traitement de son dossier. Parmi ces personnalit\u00e9s on peut \u00e9galement cit\u00e9 Moheddine Ould Ahmed Saleck, dernier \u00e9vacu\u00e9 du dossier des inculp\u00e9s, patron de la soci\u00e9t\u00e9 Najah Major Work, attributaire du march\u00e9 de l\u2019a\u00e9roport \u00abOum Tounsi \u00bb. La soci\u00e9t\u00e9 NMW avait aussi eu acc\u00e8s \u00e0 un pr\u00eat de la Snim de plusieurs millions Usd. Plusieurs anciens directeurs de la Snim ainsi que le directeur de la Fondation Snim seront d\u2019ailleurs entendus pour t\u00e9moigner dans ce dossier.<br \/>\nL\u2019ancien pr\u00e9sident, Mohamed Ould Abdel Aziz, au pouvoir entre 2009 et 2019, comparait le 25 janvier 2023, avec une dizaine d\u2019autres inculp\u00e9s, devant la cour criminelle sp\u00e9cialis\u00e9e dans la lutte contre la corruption; il a toujours pr\u00e9tendu n\u2019avoir jamais pris le moindre ouguiya des deniers publics. Il estime enfin que la mise en place de la CEP est une d\u00e9cision visant \u00e0 le harceler et l\u2019emp\u00eacher de jouer un r\u00f4le politique apr\u00e8s l\u2019alternance dans le pays.<br \/>\nSes avocats, rappelle-t-on, mettent en doute l\u2019organisation par les autorit\u00e9s d\u2019un proc\u00e8s public \u00e9quitable au pr\u00e9texte qu\u2019ils n\u2019ont pas eu acc\u00e8s \u00e0 la totalit\u00e9 du dossier de leur client.<br \/>\nJD<\/p>\n","protected":false},"excerpt":{"rendered":"<p>Plusieurs personnalit\u00e9s dont d&#8217;anciens collaborateurs de l&#8217;ancien pr\u00e9sident, Mohamed Ould Abdel Aziz, seront confront\u00e9es mercredi avec lui, comme t\u00e9moins dans le cadre de son proc\u00e8s, apprend-on de sources concordantes. Il s&#8217;agit, entre autres, de l&#8217;ancien puissant ministre de l&#8217;\u00e9conomie et des finances, Mokhtar Ould Diaye. Ould Diaye avait publiquement d\u00e9fendu tous les projets entrepris par &hellip;<\/p>\n","protected":false},"author":2,"featured_media":3791,"comment_status":"open","ping_status":"open","sticky":false,"template":"","format":"standard","meta":{"footnotes":""},"categories":[18,2],"tags":[],"class_list":["post-3790","post","type-post","status-publish","format-standard","has-post-thumbnail","hentry","category-actualites","category-economie"],"_links":{"self":[{"href":"https:\/\/ladepeche.mr\/index.php?rest_route=\/wp\/v2\/posts\/3790","targetHints":{"allow":["GET"]}}],"collection":[{"href":"https:\/\/ladepeche.mr\/index.php?rest_route=\/wp\/v2\/posts"}],"about":[{"href":"https:\/\/ladepeche.mr\/index.php?rest_route=\/wp\/v2\/types\/post"}],"author":[{"embeddable":true,"href":"https:\/\/ladepeche.mr\/index.php?rest_route=\/wp\/v2\/users\/2"}],"replies":[{"embeddable":true,"href":"https:\/\/ladepeche.mr\/index.php?rest_route=%2Fwp%2Fv2%2Fcomments&post=3790"}],"version-history":[{"count":5,"href":"https:\/\/ladepeche.mr\/index.php?rest_route=\/wp\/v2\/posts\/3790\/revisions"}],"predecessor-version":[{"id":3796,"href":"https:\/\/ladepeche.mr\/index.php?rest_route=\/wp\/v2\/posts\/3790\/revisions\/3796"}],"wp:featuredmedia":[{"embeddable":true,"href":"https:\/\/ladepeche.mr\/index.php?rest_route=\/wp\/v2\/media\/3791"}],"wp:attachment":[{"href":"https:\/\/ladepeche.mr\/index.php?rest_route=%2Fwp%2Fv2%2Fmedia&parent=3790"}],"wp:term":[{"taxonomy":"category","embeddable":true,"href":"https:\/\/ladepeche.mr\/index.php?rest_route=%2Fwp%2Fv2%2Fcategories&post=3790"},{"taxonomy":"post_tag","embeddable":true,"href":"https:\/\/ladepeche.mr\/index.php?rest_route=%2Fwp%2Fv2%2Ftags&post=3790"}],"curies":[{"name":"wp","href":"https:\/\/api.w.org\/{rel}","templated":true}]}}