{"id":3797,"date":"2023-01-22T21:52:33","date_gmt":"2023-01-22T21:52:33","guid":{"rendered":"https:\/\/ladepeche.mr\/?p=3797"},"modified":"2023-01-22T21:52:33","modified_gmt":"2023-01-22T21:52:33","slug":"necrologie-lerudit-et-homme-de-lettres-mohamed-mokhtar-ould-bah-decede","status":"publish","type":"post","link":"https:\/\/ladepeche.mr\/?p=3797","title":{"rendered":"N\u00e9crologie: L&#8217;Erudit et homme de lettres, Mohamed Mokhtar Ould B\u00e2h d\u00e9c\u00e9d\u00e9"},"content":{"rendered":"<p>Le d\u00e9c\u00e8s de cette auguste personnalit\u00e9 a \u00e9t\u00e9 annonc\u00e9, ce dimanche, \u00e0 Nouakchott. Mohamed Mokhtar Ould B\u00e2h (1924-2023) a v\u00e9cu pr\u00e8s d&#8217;un si\u00e8cle dans l&#8217;humilit\u00e9 et la propagation du savoir. Son aura a d\u00e9pass\u00e9 les fronti\u00e8res nationales.<br \/>\nAncien ministre, au lendemain de l&#8217;Ind\u00e9pendance, \u00e9rudit des sciences th\u00e9ologiques et homme des Lettres, Mohamed Mokhtar Ould B\u00e2h, cultivait le consensus autour de lui. Il \u00e9tait aim\u00e9 et respect\u00e9 au-del\u00e0 des limites de sa r\u00e9gion natale; le trarzaz.<br \/>\nQu&#8217;Allah l&#8217;accueille en Son Vaste Paradis. Nos condol\u00e9ances \u00e0 sa famille, au Peuple et \u00e0 l&#8217;Etat mauritanien qui y perdent un homme d&#8217;une grande stature et d&#8217;une droiture exceptionnelle.<\/p>\n","protected":false},"excerpt":{"rendered":"<p>Le d\u00e9c\u00e8s de cette auguste personnalit\u00e9 a \u00e9t\u00e9 annonc\u00e9, ce dimanche, \u00e0 Nouakchott. Mohamed Mokhtar Ould B\u00e2h (1924-2023) a v\u00e9cu pr\u00e8s d&#8217;un si\u00e8cle dans l&#8217;humilit\u00e9 et la propagation du savoir. Son aura a d\u00e9pass\u00e9 les fronti\u00e8res nationales. Ancien ministre, au lendemain de l&#8217;Ind\u00e9pendance, \u00e9rudit des sciences th\u00e9ologiques et homme des Lettres, Mohamed Mokhtar Ould B\u00e2h, &hellip;<\/p>\n","protected":false},"author":2,"featured_media":3798,"comment_status":"open","ping_status":"open","sticky":false,"template":"","format":"standard","meta":{"footnotes":""},"categories":[18,15],"tags":[],"class_list":["post-3797","post","type-post","status-publish","format-standard","has-post-thumbnail","hentry","category-actualites","category-culture"],"_links":{"self":[{"href":"https:\/\/ladepeche.mr\/index.php?rest_route=\/wp\/v2\/posts\/3797","targetHints":{"allow":["GET"]}}],"collection":[{"href":"https:\/\/ladepeche.mr\/index.php?rest_route=\/wp\/v2\/posts"}],"about":[{"href":"https:\/\/ladepeche.mr\/index.php?rest_route=\/wp\/v2\/types\/post"}],"author":[{"embeddable":true,"href":"https:\/\/ladepeche.mr\/index.php?rest_route=\/wp\/v2\/users\/2"}],"replies":[{"embeddable":true,"href":"https:\/\/ladepeche.mr\/index.php?rest_route=%2Fwp%2Fv2%2Fcomments&post=3797"}],"version-history":[{"count":1,"href":"https:\/\/ladepeche.mr\/index.php?rest_route=\/wp\/v2\/posts\/3797\/revisions"}],"predecessor-version":[{"id":3799,"href":"https:\/\/ladepeche.mr\/index.php?rest_route=\/wp\/v2\/posts\/3797\/revisions\/3799"}],"wp:featuredmedia":[{"embeddable":true,"href":"https:\/\/ladepeche.mr\/index.php?rest_route=\/wp\/v2\/media\/3798"}],"wp:attachment":[{"href":"https:\/\/ladepeche.mr\/index.php?rest_route=%2Fwp%2Fv2%2Fmedia&parent=3797"}],"wp:term":[{"taxonomy":"category","embeddable":true,"href":"https:\/\/ladepeche.mr\/index.php?rest_route=%2Fwp%2Fv2%2Fcategories&post=3797"},{"taxonomy":"post_tag","embeddable":true,"href":"https:\/\/ladepeche.mr\/index.php?rest_route=%2Fwp%2Fv2%2Ftags&post=3797"}],"curies":[{"name":"wp","href":"https:\/\/api.w.org\/{rel}","templated":true}]}}