{"id":3800,"date":"2023-01-23T11:51:25","date_gmt":"2023-01-23T11:51:25","guid":{"rendered":"https:\/\/ladepeche.mr\/?p=3800"},"modified":"2023-01-23T11:51:25","modified_gmt":"2023-01-23T11:51:25","slug":"cas-desclavage-presume-a-fderik-communique-de-presse-commissariat-aux-droits-de-lhomme","status":"publish","type":"post","link":"https:\/\/ladepeche.mr\/?p=3800","title":{"rendered":"Cas d\u2019esclavage pr\u00e9sum\u00e9, \u00e0 F\u2019derik : Communiqu\u00e9 de presse \/ Commissariat aux Droits de l\u2019Homme"},"content":{"rendered":"<p> Le Commissariat aux Droits de l\u2019Homme, \u00e0 l\u2019Action Humanitaire et aux Relations avec la Soci\u00e9t\u00e9 Civile (CDHAHRSC), a appris l\u2019existence d\u2019une plainte d\u00e9pos\u00e9e par une association de d\u00e9fense des droits de l\u2019homme, relative \u00e0 un cas d\u2019esclavage pr\u00e9sum\u00e9, \u00e0 F\u2019derik, dans la wilaya du Tiris-zemmour.<\/p>\n<p>Dans le cadre des missions qui lui sont confi\u00e9es en mati\u00e8re de suivi des cas de violations des droits de l\u2019homme en g\u00e9n\u00e9ral et d\u2019esclavage en particulier, le CDHAHRSC suit avec int\u00e9r\u00eat cette affaire et \u0153uvre fermement avec ses partenaires \u00e0 faire appliquer la l\u00e9gislation en vigueur dans ce domaine.<\/p>\n<p>C\u2019est \u00e0 ce titre que le CDHAHRSC a d\u00e9p\u00each\u00e9 une mission de documentation et de suivi de haut niveau, pour s\u2019enqu\u00e9rir de pr\u00e8s sur le fond de l\u2019affaire et identifier les moyens d\u2019assistance notamment, en ce qui concerne la protection des droits de la victime pr\u00e9sum\u00e9e.<\/p>\n<p>Apr\u00e8s avoir contact\u00e9 les autorit\u00e9s judiciaires comp\u00e9tentes et visit\u00e9 la victime pr\u00e9sum\u00e9e, le CDHAHRSC enregistre les points suivants :<\/p>\n<p>Sa pleine satisfaction quant aux mesures prises par le parquet en charge de l\u2019affaire, pour assurer le bon d\u00e9roulement de la proc\u00e9dure judiciaire, notamment, l\u2019enqu\u00eate pr\u00e9liminaire en cours ;<\/p>\n<p>Sa satisfaction par rapport \u00e0 la situation dans laquelle se trouve la victime pr\u00e9sum\u00e9e et les membres de sa famille, concern\u00e9s ;<\/p>\n<p>Le CDHAHRSC appelle tous les acteurs juridiques et la soci\u00e9t\u00e9 civile concern\u00e9s par l\u2019affaire \u00e0 veiller au respect des exigences des conventions internationales ratifi\u00e9es par la R\u00e9publique Islamique de Mauritanie, et de l\u2019arsenal juridique national relatif aux droits de l\u2019homme et \u00e0 la lutte contre les pratiques esclavagistes ;<\/p>\n<p>Les efforts de tous doivent s\u2019orienter sur la manifestation de la v\u00e9rit\u00e9, le respect des droits de toutes les parties, en particulier de la victime, sans surench\u00e8res ou d\u00e9naturation des faits.<\/p>\n<p>Zouerate le 22\/01\/2023<\/p>\n","protected":false},"excerpt":{"rendered":"<p>Le Commissariat aux Droits de l\u2019Homme, \u00e0 l\u2019Action Humanitaire et aux Relations avec la Soci\u00e9t\u00e9 Civile (CDHAHRSC), a appris l\u2019existence d\u2019une plainte d\u00e9pos\u00e9e par une association de d\u00e9fense des droits de l\u2019homme, relative \u00e0 un cas d\u2019esclavage pr\u00e9sum\u00e9, \u00e0 F\u2019derik, dans la wilaya du Tiris-zemmour. Dans le cadre des missions qui lui sont confi\u00e9es en &hellip;<\/p>\n","protected":false},"author":2,"featured_media":3801,"comment_status":"open","ping_status":"open","sticky":false,"template":"","format":"standard","meta":{"footnotes":""},"categories":[18,19],"tags":[],"class_list":["post-3800","post","type-post","status-publish","format-standard","has-post-thumbnail","hentry","category-actualites","category-tribune"],"_links":{"self":[{"href":"https:\/\/ladepeche.mr\/index.php?rest_route=\/wp\/v2\/posts\/3800","targetHints":{"allow":["GET"]}}],"collection":[{"href":"https:\/\/ladepeche.mr\/index.php?rest_route=\/wp\/v2\/posts"}],"about":[{"href":"https:\/\/ladepeche.mr\/index.php?rest_route=\/wp\/v2\/types\/post"}],"author":[{"embeddable":true,"href":"https:\/\/ladepeche.mr\/index.php?rest_route=\/wp\/v2\/users\/2"}],"replies":[{"embeddable":true,"href":"https:\/\/ladepeche.mr\/index.php?rest_route=%2Fwp%2Fv2%2Fcomments&post=3800"}],"version-history":[{"count":1,"href":"https:\/\/ladepeche.mr\/index.php?rest_route=\/wp\/v2\/posts\/3800\/revisions"}],"predecessor-version":[{"id":3802,"href":"https:\/\/ladepeche.mr\/index.php?rest_route=\/wp\/v2\/posts\/3800\/revisions\/3802"}],"wp:featuredmedia":[{"embeddable":true,"href":"https:\/\/ladepeche.mr\/index.php?rest_route=\/wp\/v2\/media\/3801"}],"wp:attachment":[{"href":"https:\/\/ladepeche.mr\/index.php?rest_route=%2Fwp%2Fv2%2Fmedia&parent=3800"}],"wp:term":[{"taxonomy":"category","embeddable":true,"href":"https:\/\/ladepeche.mr\/index.php?rest_route=%2Fwp%2Fv2%2Fcategories&post=3800"},{"taxonomy":"post_tag","embeddable":true,"href":"https:\/\/ladepeche.mr\/index.php?rest_route=%2Fwp%2Fv2%2Ftags&post=3800"}],"curies":[{"name":"wp","href":"https:\/\/api.w.org\/{rel}","templated":true}]}}