{"id":3803,"date":"2023-01-23T12:53:31","date_gmt":"2023-01-23T12:53:31","guid":{"rendered":"https:\/\/ladepeche.mr\/?p=3803"},"modified":"2023-01-23T22:37:29","modified_gmt":"2023-01-23T22:37:29","slug":"incineration-dun-exemplaire-du-coran-le-gouvernement-condamne-et-met-en-garde-contre-un-acteur-provocateur","status":"publish","type":"post","link":"https:\/\/ladepeche.mr\/?p=3803","title":{"rendered":"Incin\u00e9ration d&#8217;un exemplaire du Coran: Le gouvernement condamne et met en garde contre un acte provocateur"},"content":{"rendered":"<p>&#8220;Acte odieux, contraire aux valeurs du dialogue et aux principes fondamentaux des droits de l\u2019Hommes, attise la col\u00e8re des musulmans dans le monde entier et repr\u00e9sente une provocation inacceptable&#8221;; c&#8217;est en ces termes que les autorit\u00e9s politiques mauritaniennes ont condamn\u00e9 l&#8217;atteinte au Livre Saint dont un exemplaire a \u00e9t\u00e9 incin\u00e9r\u00e9 sous la protection de la police su\u00e8doise \u00e0 Stokholm.<br \/>\n Ci-apr\u00e8s le communiqu\u00e9 de presse officiel rendu public ce lundi par le gouvernement mauritanien:<\/p>\n<p>&#8220;Le minist\u00e8re des Affaires \u00e9trang\u00e8res, de la Coop\u00e9ration et des Mauritaniens de l\u2019Ext\u00e9rieur condamne et d\u00e9nonce fermement l\u2019incendie d\u2019un exemplaire du Saint Coran par l\u2019extr\u00eame droite Rasmus Paludan dans la capitale su\u00e9doise, Stockholm.<\/p>\n<p>Cet acte odieux, contraire aux valeurs du dialogue et aux principes fondamentaux des droits de l\u2019Hommes, attise la col\u00e8re des musulmans dans le monde entier et repr\u00e9sente une provocation inacceptable.<\/p>\n<p>A cette occasion, le gouvernement mauritanien affirme son attachement ind\u00e9fectible aux principes de tol\u00e9rance et de coexistence pacifique entre les cultures et les peuples, conform\u00e9ment aux principes de tol\u00e9rance qui constituent le socle de notre religion l\u2019Islam.<\/p>\n<p>Il r\u00e9it\u00e8re, \u00e9galement, son rejet total de tout ce qui pourrait exciter les sentiments de haine et de violence.&#8221; Fin.<\/p>\n","protected":false},"excerpt":{"rendered":"<p>&#8220;Acte odieux, contraire aux valeurs du dialogue et aux principes fondamentaux des droits de l\u2019Hommes, attise la col\u00e8re des musulmans dans le monde entier et repr\u00e9sente une provocation inacceptable&#8221;; c&#8217;est en ces termes que les autorit\u00e9s politiques mauritaniennes ont condamn\u00e9 l&#8217;atteinte au Livre Saint dont un exemplaire a \u00e9t\u00e9 incin\u00e9r\u00e9 sous la protection de la &hellip;<\/p>\n","protected":false},"author":2,"featured_media":3804,"comment_status":"open","ping_status":"open","sticky":false,"template":"","format":"standard","meta":{"footnotes":""},"categories":[18,15,29],"tags":[],"class_list":["post-3803","post","type-post","status-publish","format-standard","has-post-thumbnail","hentry","category-actualites","category-culture","category-monde"],"_links":{"self":[{"href":"https:\/\/ladepeche.mr\/index.php?rest_route=\/wp\/v2\/posts\/3803","targetHints":{"allow":["GET"]}}],"collection":[{"href":"https:\/\/ladepeche.mr\/index.php?rest_route=\/wp\/v2\/posts"}],"about":[{"href":"https:\/\/ladepeche.mr\/index.php?rest_route=\/wp\/v2\/types\/post"}],"author":[{"embeddable":true,"href":"https:\/\/ladepeche.mr\/index.php?rest_route=\/wp\/v2\/users\/2"}],"replies":[{"embeddable":true,"href":"https:\/\/ladepeche.mr\/index.php?rest_route=%2Fwp%2Fv2%2Fcomments&post=3803"}],"version-history":[{"count":3,"href":"https:\/\/ladepeche.mr\/index.php?rest_route=\/wp\/v2\/posts\/3803\/revisions"}],"predecessor-version":[{"id":3816,"href":"https:\/\/ladepeche.mr\/index.php?rest_route=\/wp\/v2\/posts\/3803\/revisions\/3816"}],"wp:featuredmedia":[{"embeddable":true,"href":"https:\/\/ladepeche.mr\/index.php?rest_route=\/wp\/v2\/media\/3804"}],"wp:attachment":[{"href":"https:\/\/ladepeche.mr\/index.php?rest_route=%2Fwp%2Fv2%2Fmedia&parent=3803"}],"wp:term":[{"taxonomy":"category","embeddable":true,"href":"https:\/\/ladepeche.mr\/index.php?rest_route=%2Fwp%2Fv2%2Fcategories&post=3803"},{"taxonomy":"post_tag","embeddable":true,"href":"https:\/\/ladepeche.mr\/index.php?rest_route=%2Fwp%2Fv2%2Ftags&post=3803"}],"curies":[{"name":"wp","href":"https:\/\/api.w.org\/{rel}","templated":true}]}}