{"id":3806,"date":"2023-01-23T13:19:46","date_gmt":"2023-01-23T13:19:46","guid":{"rendered":"https:\/\/ladepeche.mr\/?p=3806"},"modified":"2023-01-23T13:27:17","modified_gmt":"2023-01-23T13:27:17","slug":"ma-decision-a-loccasion-du-5e-anniversaire-de-la-disparition-de-mon-pere-par-moctar-ould-cheine","status":"publish","type":"post","link":"https:\/\/ladepeche.mr\/?p=3806","title":{"rendered":"&#8220;Ma d\u00e9cision \u00e0 l&#8217;occasion du 5e anniversaire de la disparition de mon p\u00e8re&#8221;&#8230; Par Moctar Ould Cheine"},"content":{"rendered":"<p>Ma d\u00e9cision \u00e0 l&#8217;occasion du 5e anniversaire de la disparition de mon p\u00e8re, feu Abderrahmane (Deiba) Ould Cheine, Allah l&#8217;accueille en Son Saint Paradis, parmi les Proph\u00e8tes, les Justes (sidd\u00eeq\u00een), les T\u00e9moins (shuhad\u0101a) et les Vertueux (s\u0101lih\u00een). Combien ceux-l\u00e0 sont bons comme compagnons!<\/p>\n<p>Au moment o\u00f9 nombreux \u00e9taient ceux qui avan\u00e7aient d&#8217;un pas et reculaient d&#8217;autant, mon p\u00e8re, \u00e9tait de la g\u00e9n\u00e9ration des fondateurs de l&#8217;\u00c9tat mauritanien. Il croyait au projet de l&#8217;\u00c9tat. Prenant l&#8217;initiative, il mena l&#8217;action politique au sujet de questions sensibles, \u00e0 l&#8217;int\u00e9rieur et \u00e0 l&#8217;ext\u00e9rieur de l&#8217;\u00c9tat naissant. Les r\u00e9sultats \u00e9taient manifestes, car le danger fut \u00e9cart\u00e9 et les efforts se focalis\u00e8rent enfin sur la construction de la jeune Nation, par la mise \u00e0 disposition des efforts et des potentialit\u00e9s. <\/p>\n<p>En sa qualit\u00e9 d&#8217;illustre symbole social et leader politique, mon p\u00e8re fut l&#8217;un des rares \u00e0 placer l&#8217;opinion et les dol\u00e9ances de la communaut\u00e9 au-dessus de toute ambition personnelle ou int\u00e9r\u00eat furtif. Il concr\u00e9tisait le fid\u00e8le combattant de la partie mauritanienne, le fr\u00e8re d\u00e9vou\u00e9 \u00e0 sa g\u00e9n\u00e9ration et aux siens. Et particuli\u00e8rement les d\u00e9sesp\u00e9r\u00e9s, qui, \u00e0 la qu\u00eate de nourriture et de p\u00e2turages, se contentent d&#8217;aides alimentaires. <\/p>\n<p>Avec l&#8217;aide de Dieu, il leur rendait visite, s&#8217;enqu\u00e9rait de leur situation, leur pr\u00e9sentant tous les services possibles: m\u00e9dicaments, vivres, eau potable et protection. Il apportait le soutien au malade, \u00e0 l&#8217;indigent et au marginal.<\/p>\n<p>Descendant de guerriers, de cavaliers et meharistes, il n&#8217;en \u00e9tait pas moins homme de paix. Il conseillait tout le monde, recherchant toujours \u00e0 r\u00e9soudre les conflits par l&#8217;esprit de conciliation, l&#8217;entente, la compr\u00e9hension, l&#8217;empathie et l&#8217;amour entre compatriotes, loin de toutes formes de conflits et de ressentiment. <\/p>\n<p>En ces jours, ce n&#8217;est pas un p\u00e8re ordinaire qui me manque pas. Au contraire, il me manque un guerrier, un chevalier parmi les chevaliers de la patrie, un noble parmi les nobles de la soci\u00e9t\u00e9, un sage unique parmi ses sages, un patriote sinc\u00e8re et un intellectuel qui est m\u00fb par la qu\u00eate de la sagesse.<\/p>\n<p>Et plus que tout cela, il me manque un syst\u00e8me moral unique qui se rapproche de Dieu \u00e0 partir de l&#8217;amour de la cr\u00e9ation de Divine.<\/p>\n<p>M\u00eame si, avec le d\u00e9c\u00e8s de mon p\u00e8re, j&#8217;ai perdu un p\u00e8re, un homme de foi qui est au service de son pays et de la soci\u00e9t\u00e9, je suis tr\u00e8s heureux qu&#8217;il ait accompli son devoir jusqu&#8217;\u00e0 son dernier souffle.<\/p>\n<p>Cela \u00e9tait manifeste \u00e0 travers les appels que j&#8217;ai re\u00e7us de la part de ma famille ou de notre alliance politique, insistant pour que je joue le r\u00f4le que mon p\u00e8re, Allah lui accord\u00e9 Sa Mis\u00e9ricorde, a jou\u00e9 \u00e0 tous les niveaux au service de la famille, de l&#8217;alliance, de la la r\u00e9gion et du pays en g\u00e9n\u00e9ral.<\/p>\n<p>Ainsi, m&#8217;appuyant sur Dieu, B\u00e9ni et Exalt\u00e9 soit-Il, j&#8217;ai d\u00e9cid\u00e9 d&#8217;augmenter le rythme du service que je rends \u00e0 notre alliance, et de r\u00e9it\u00e9rer ce que j&#8217;avais annonc\u00e9 l&#8217;ann\u00e9e derni\u00e8re, \u00e0 savoir mon intention de me pr\u00e9senter aux \u00e9lections l\u00e9gislatives en tant que d\u00e9put\u00e9 du de d\u00e9partement (Moughataa) Verte d&#8217;Adel Bagrou.<\/p>\n<p>Surtout apr\u00e8s que le v\u0153u de notre alliance s&#8217;est exauc\u00e9 et qu&#8217;elle a \u00e9t\u00e9 transform\u00e9e apr\u00e8s plus de soixante ans d&#8217;attente de centre administratif en d\u00e9partement (Moughataa). Le m\u00e9rite d&#8217;une telle r\u00e9alisation revient au Pr\u00e9sident du consensus national, Son Excellence le Pr\u00e9sident Mohamed Ould Cheikh El-Ghazouani.<\/p>\n<p>Avec cette d\u00e9cision, j&#8217;apporte de bonnes nouvelles \u00e0 ceux qui m&#8217;ont demand\u00e9 de diriger l&#8217;alliance politique et sociale d&#8217;Ehel Cheine. Pour ranimer l&#8217;alliance et concr\u00e9tiser son tout le sens, je m&#8217;engage \u00e0 servir notre alliance, notre r\u00e9gion et notre pays avec toutes mes forces. Le succ\u00e8s vient d&#8217;Allah, qu&#8217;Il soit glorifi\u00e9 et exalt\u00e9.<\/p>\n<p>Mohamed Mokhtar Ould Abderrahmane (Deiba) Ould Cheine <\/p>\n<p>Nouakchott, le 23\/01\/2023<\/p>\n","protected":false},"excerpt":{"rendered":"<p>Ma d\u00e9cision \u00e0 l&#8217;occasion du 5e anniversaire de la disparition de mon p\u00e8re, feu Abderrahmane (Deiba) Ould Cheine, Allah l&#8217;accueille en Son Saint Paradis, parmi les Proph\u00e8tes, les Justes (sidd\u00eeq\u00een), les T\u00e9moins (shuhad\u0101a) et les Vertueux (s\u0101lih\u00een). Combien ceux-l\u00e0 sont bons comme compagnons! Au moment o\u00f9 nombreux \u00e9taient ceux qui avan\u00e7aient d&#8217;un pas et reculaient &hellip;<\/p>\n","protected":false},"author":2,"featured_media":2809,"comment_status":"open","ping_status":"open","sticky":false,"template":"","format":"standard","meta":{"footnotes":""},"categories":[18,19],"tags":[],"class_list":["post-3806","post","type-post","status-publish","format-standard","has-post-thumbnail","hentry","category-actualites","category-tribune"],"_links":{"self":[{"href":"https:\/\/ladepeche.mr\/index.php?rest_route=\/wp\/v2\/posts\/3806","targetHints":{"allow":["GET"]}}],"collection":[{"href":"https:\/\/ladepeche.mr\/index.php?rest_route=\/wp\/v2\/posts"}],"about":[{"href":"https:\/\/ladepeche.mr\/index.php?rest_route=\/wp\/v2\/types\/post"}],"author":[{"embeddable":true,"href":"https:\/\/ladepeche.mr\/index.php?rest_route=\/wp\/v2\/users\/2"}],"replies":[{"embeddable":true,"href":"https:\/\/ladepeche.mr\/index.php?rest_route=%2Fwp%2Fv2%2Fcomments&post=3806"}],"version-history":[{"count":1,"href":"https:\/\/ladepeche.mr\/index.php?rest_route=\/wp\/v2\/posts\/3806\/revisions"}],"predecessor-version":[{"id":3807,"href":"https:\/\/ladepeche.mr\/index.php?rest_route=\/wp\/v2\/posts\/3806\/revisions\/3807"}],"wp:featuredmedia":[{"embeddable":true,"href":"https:\/\/ladepeche.mr\/index.php?rest_route=\/wp\/v2\/media\/2809"}],"wp:attachment":[{"href":"https:\/\/ladepeche.mr\/index.php?rest_route=%2Fwp%2Fv2%2Fmedia&parent=3806"}],"wp:term":[{"taxonomy":"category","embeddable":true,"href":"https:\/\/ladepeche.mr\/index.php?rest_route=%2Fwp%2Fv2%2Fcategories&post=3806"},{"taxonomy":"post_tag","embeddable":true,"href":"https:\/\/ladepeche.mr\/index.php?rest_route=%2Fwp%2Fv2%2Ftags&post=3806"}],"curies":[{"name":"wp","href":"https:\/\/api.w.org\/{rel}","templated":true}]}}