{"id":3811,"date":"2023-01-23T22:26:03","date_gmt":"2023-01-23T22:26:03","guid":{"rendered":"https:\/\/ladepeche.mr\/?p=3811"},"modified":"2023-01-31T11:54:28","modified_gmt":"2023-01-31T11:54:28","slug":"candidatures-a-la-municipalite-de-rosso-thiam-zakaria-sur-une-bonne-orbite","status":"publish","type":"post","link":"https:\/\/ladepeche.mr\/?p=3811","title":{"rendered":"Candidatures \u00e0 la municipalit\u00e9 de Rosso : Thiam Zakaria sur une bonne orbite"},"content":{"rendered":"<p>C\u2019est dans le quartier \u00abN\u2019Diourbel \u00bb, celui de son enfance, au c\u0153ur de la ville de Rosso, que Thiam Zakaria, a officiellement annonc\u00e9 son d\u00e9sir de briguer, au nom de son parti \u00ab Insaf \u00bb, le poste de maire pour cette ville-miroir.<br \/>\nHaut cadre de l\u2019administration et consid\u00e9r\u00e9, \u00e0 juste titre, poids lourd de la politique locale, pour son apport constant aux politiques publiques, Thiam Zakaria, qu\u2019on ne pr\u00e9sente pas aux \u00e9lecteurs rossossois, a dit esp\u00e9rer que l\u2019appel des populations \u00e0 travers cette \u00e9norme mobilisation ait un \u00e9cho favorable aupr\u00e8s de sa formation et soit entendu afin de relever les nombreux d\u00e9fis locaux.<br \/>\nThiam Zakaria, qui a d\u00e9j\u00e0 une forte exp\u00e9rience politique et administrative, comme en t\u00e9moignent ses contributions dans la mobilisation des autochtones aux grands \u00e9v\u00e9nements politiques nationaux ou locaux, vient d\u2019en administrer une autre preuve \u00e9clatante lors de ce meeting d\u2019annonce de sa candidature.<br \/>\nUne rencontre politique o\u00f9 s\u2019est fondu tout Rosso dans sa diversit\u00e9. Une assistance que Thiam Zakaria, polyglotte, sait haranguer dans toutes les langues du pays. <\/p>\n<p>Mais au-del\u00e0 du folklore, T. Zakaria est, sans doute, une personnalit\u00e9 dont le profil administratif et politique, reste un atout pour une meilleure gestion de la cit\u00e9 et pour la r\u00e9alisation des aspirations de ses habitants \u00e0 plus de d\u00e9veloppement \u00e9conomique et social. Commis de l\u2019Etat, T. Zakaria sait mieux que quiconque l\u2019interp\u00e9n\u00e9tration des missions de la mairie avec les strat\u00e9gies nationales de d\u00e9veloppement.<br \/>\nDans une allocution prononc\u00e9e pour l\u2019occasion, T.Zakaria  a insist\u00e9 sur le r\u00f4le crucial de la mairie pour faire b\u00e9n\u00e9ficier les citoyens de projets structurants d\u00e9ploy\u00e9s par l\u2019Etat. Il a, en outre, rappel\u00e9 l\u2019importance de la coh\u00e9sion des populations autour d\u2019objectifs salvateurs pour leur municipalit\u00e9.<br \/>\nLes ovations des populations \u00e0 NDiourbel, sanctuaire de l\u2019opposition radicale, t\u00e9moignent, en tout cas, du soutien des populations de Rosso pour le choix et de leur mobilisation en sa faveur.<br \/>\nLe parti \u00abInsaf \u00bb donnera-t-il suite \u00e0 cette dol\u00e9ance ? Wait and see !<br \/>\nJD<\/p>\n","protected":false},"excerpt":{"rendered":"<p>C\u2019est dans le quartier \u00abN\u2019Diourbel \u00bb, celui de son enfance, au c\u0153ur de la ville de Rosso, que Thiam Zakaria, a officiellement annonc\u00e9 son d\u00e9sir de briguer, au nom de son parti \u00ab Insaf \u00bb, le poste de maire pour cette ville-miroir. Haut cadre de l\u2019administration et consid\u00e9r\u00e9, \u00e0 juste titre, poids lourd de la &hellip;<\/p>\n","protected":false},"author":2,"featured_media":3812,"comment_status":"open","ping_status":"open","sticky":false,"template":"","format":"standard","meta":{"footnotes":""},"categories":[18,25],"tags":[],"class_list":["post-3811","post","type-post","status-publish","format-standard","has-post-thumbnail","hentry","category-actualites","category-en-forme"],"_links":{"self":[{"href":"https:\/\/ladepeche.mr\/index.php?rest_route=\/wp\/v2\/posts\/3811","targetHints":{"allow":["GET"]}}],"collection":[{"href":"https:\/\/ladepeche.mr\/index.php?rest_route=\/wp\/v2\/posts"}],"about":[{"href":"https:\/\/ladepeche.mr\/index.php?rest_route=\/wp\/v2\/types\/post"}],"author":[{"embeddable":true,"href":"https:\/\/ladepeche.mr\/index.php?rest_route=\/wp\/v2\/users\/2"}],"replies":[{"embeddable":true,"href":"https:\/\/ladepeche.mr\/index.php?rest_route=%2Fwp%2Fv2%2Fcomments&post=3811"}],"version-history":[{"count":2,"href":"https:\/\/ladepeche.mr\/index.php?rest_route=\/wp\/v2\/posts\/3811\/revisions"}],"predecessor-version":[{"id":3815,"href":"https:\/\/ladepeche.mr\/index.php?rest_route=\/wp\/v2\/posts\/3811\/revisions\/3815"}],"wp:featuredmedia":[{"embeddable":true,"href":"https:\/\/ladepeche.mr\/index.php?rest_route=\/wp\/v2\/media\/3812"}],"wp:attachment":[{"href":"https:\/\/ladepeche.mr\/index.php?rest_route=%2Fwp%2Fv2%2Fmedia&parent=3811"}],"wp:term":[{"taxonomy":"category","embeddable":true,"href":"https:\/\/ladepeche.mr\/index.php?rest_route=%2Fwp%2Fv2%2Fcategories&post=3811"},{"taxonomy":"post_tag","embeddable":true,"href":"https:\/\/ladepeche.mr\/index.php?rest_route=%2Fwp%2Fv2%2Ftags&post=3811"}],"curies":[{"name":"wp","href":"https:\/\/api.w.org\/{rel}","templated":true}]}}