{"id":3817,"date":"2023-01-24T11:32:22","date_gmt":"2023-01-24T11:32:22","guid":{"rendered":"https:\/\/ladepeche.mr\/?p=3817"},"modified":"2023-01-24T11:33:18","modified_gmt":"2023-01-24T11:33:18","slug":"chan-2022-groupe-d-mauritanie-amir-abdou-optimiste-avant-de-defier-le-mali","status":"publish","type":"post","link":"https:\/\/ladepeche.mr\/?p=3817","title":{"rendered":"CHAN 2022 \u2013 Groupe D (Mauritanie): Amir Abdou optimiste avant de d\u00e9fier le Mali"},"content":{"rendered":"<p>Amir Abdou s\u2019est pr\u00e9sent\u00e9 devant la presse pour \u00e9voquer le match qui sera jou\u00e9 entre la Mauritanie et le Mali. Le technicien comorien reste optimiste \u00e0 l\u2019id\u00e9e de rester encore longtemps dans le CHAN 2022.<\/p>\n<p>Amir Abdou a indiqu\u00e9 que la Mauritanie poursuit ses pr\u00e9paratifs dans de bonnes conditions. Le s\u00e9lectionneur de l\u2019\u00e9quipe locale mauritanienne a soulign\u00e9 que ses joueurs sont disciplin\u00e9s et responsables ; ils sont pr\u00eats pour le match contre le Mali et vont d\u00e9crocher la victoire.<\/p>\n<p>Amir Abdou a expliqu\u00e9 que l\u2019\u00e9quipe malienne est diff\u00e9rente de celle de l\u2019Angola. \u00ab On se rend compte de l\u2019\u00e9tendue de leur force, notamment sur le plan psychologique et mental, ce qui se confirme par leur remontada lors de leur premier match quand ils ont \u00e9galis\u00e9 (3-3), apr\u00e8s avoir \u00e9t\u00e9 men\u00e9s 3-1. Ils ont \u00e9galement \u00e9t\u00e9 excellents sur les coups de pied arr\u00eat\u00e9s, \u00e0 partir desquels ils ont marqu\u00e9 deux buts. Nous prendrons tout cela en consid\u00e9ration, afin de gagner ce match \u00bb, a-t-il d\u00e9clar\u00e9.<\/p>\n<p>Dans la suite de ses interventions, le s\u00e9lectionneur de la Mauritanie a laiss\u00e9 croire qu\u2019il souhaite que son \u00e9quipe marque des buts, car c\u2019est \u00ab la chose la plus difficile dans le football \u00bb selon lui. Le coup d\u2019envoi du match Mauritanie \u2013 Mali est annonc\u00e9 pour 16h GMT.<br \/>\nhttps:\/\/africafootunited.com\/chan-2022-groupe-d-mauritanie-amir-abdou-optimiste-avant-de-defier-le-mali\/<\/p>\n","protected":false},"excerpt":{"rendered":"<p>Amir Abdou s\u2019est pr\u00e9sent\u00e9 devant la presse pour \u00e9voquer le match qui sera jou\u00e9 entre la Mauritanie et le Mali. Le technicien comorien reste optimiste \u00e0 l\u2019id\u00e9e de rester encore longtemps dans le CHAN 2022. Amir Abdou a indiqu\u00e9 que la Mauritanie poursuit ses pr\u00e9paratifs dans de bonnes conditions. Le s\u00e9lectionneur de l\u2019\u00e9quipe locale mauritanienne &hellip;<\/p>\n","protected":false},"author":2,"featured_media":3818,"comment_status":"open","ping_status":"open","sticky":false,"template":"","format":"standard","meta":{"footnotes":""},"categories":[18,17],"tags":[],"class_list":["post-3817","post","type-post","status-publish","format-standard","has-post-thumbnail","hentry","category-actualites","category-sports"],"_links":{"self":[{"href":"https:\/\/ladepeche.mr\/index.php?rest_route=\/wp\/v2\/posts\/3817","targetHints":{"allow":["GET"]}}],"collection":[{"href":"https:\/\/ladepeche.mr\/index.php?rest_route=\/wp\/v2\/posts"}],"about":[{"href":"https:\/\/ladepeche.mr\/index.php?rest_route=\/wp\/v2\/types\/post"}],"author":[{"embeddable":true,"href":"https:\/\/ladepeche.mr\/index.php?rest_route=\/wp\/v2\/users\/2"}],"replies":[{"embeddable":true,"href":"https:\/\/ladepeche.mr\/index.php?rest_route=%2Fwp%2Fv2%2Fcomments&post=3817"}],"version-history":[{"count":3,"href":"https:\/\/ladepeche.mr\/index.php?rest_route=\/wp\/v2\/posts\/3817\/revisions"}],"predecessor-version":[{"id":3821,"href":"https:\/\/ladepeche.mr\/index.php?rest_route=\/wp\/v2\/posts\/3817\/revisions\/3821"}],"wp:featuredmedia":[{"embeddable":true,"href":"https:\/\/ladepeche.mr\/index.php?rest_route=\/wp\/v2\/media\/3818"}],"wp:attachment":[{"href":"https:\/\/ladepeche.mr\/index.php?rest_route=%2Fwp%2Fv2%2Fmedia&parent=3817"}],"wp:term":[{"taxonomy":"category","embeddable":true,"href":"https:\/\/ladepeche.mr\/index.php?rest_route=%2Fwp%2Fv2%2Fcategories&post=3817"},{"taxonomy":"post_tag","embeddable":true,"href":"https:\/\/ladepeche.mr\/index.php?rest_route=%2Fwp%2Fv2%2Ftags&post=3817"}],"curies":[{"name":"wp","href":"https:\/\/api.w.org\/{rel}","templated":true}]}}