{"id":3822,"date":"2023-01-24T11:56:17","date_gmt":"2023-01-24T11:56:17","guid":{"rendered":"https:\/\/ladepeche.mr\/?p=3822"},"modified":"2023-01-24T11:58:05","modified_gmt":"2023-01-24T11:58:05","slug":"la-diplomate-americaine-michele-sison-en-visite-au-maroc-et-en-algerie-dediee-a-la-question-du-sahara-marocain","status":"publish","type":"post","link":"https:\/\/ladepeche.mr\/?p=3822","title":{"rendered":"La diplomate am\u00e9ricaine Mich\u00e8le Sison en visite au Maroc et en Alg\u00e9rie d\u00e9di\u00e9e \u00e0 la question du Sahara marocain"},"content":{"rendered":"<p>La sous-secr\u00e9taire d&#8217;Etat am\u00e9ricaine aux affaires des organisations internationales, Mich\u00e8le Sison, effectue actuellement une visite au Maroc et en Alg\u00e9rie pour aborder le diff\u00e9rend sur le Sahara marocain, selon l\u2019agence espagnole Europa Press. \u00abMich\u00e8le Sison se r\u00e9unira avec des hauts fonctionnaires et des repr\u00e9sentants de l&#8217;ONU et de la soci\u00e9t\u00e9 civile\u00bb, a expliqu\u00e9 le d\u00e9partement d&#8217;Etat dans un communiqu\u00e9. La diplomate am\u00e9ricaine soulignera le soutien des Etats-Unis \u00e0 la Minurso, et aux efforts de l&#8217;envoy\u00e9 sp\u00e9cial de l&#8217;ONU, Staffan de Mistura. Il convient de rappeler que la r\u00e9solution 2654 du Conseil de s\u00e9curit\u00e9 relative \u00e0 la question du Sahara marocain r\u00e9affirme que l\u2019Alg\u00e9rie est la principale partie prenante de ce conflit artificiel, tout en lui intimant de prendre part au processus des tables rondes rejet\u00e9 par le r\u00e9gime alg\u00e9rien. Par ailleurs, les journalistes et les m\u00e9dias mauritaniens ont fustig\u00e9 l\u2019attitude de l\u2019ambassade de l\u2019Alg\u00e9rie \u00e0 Nouakchott qui avait publi\u00e9 r\u00e9cemment un communiqu\u00e9 dans lequel elle accuse un certain nombre de journaux mauritaniens de favoriser un pays \u00abhostile\u00bb et de nuire \u00e0 la coop\u00e9ration strat\u00e9gique entre l\u2019Alg\u00e9rie et la Mauritanie. En effet, dans ce communiqu\u00e9, l\u2019ambassade alg\u00e9rienne \u00e0 Nouakchott s\u2019en est prise aux sites d\u2019information mauritaniens les qualifiant de \u00abgangs de m\u00e9dias ignobles\u00bb. Une accusation qui a suscit\u00e9 l\u2019ire des journalistes mauritaniens qui ont d\u00e9nonc\u00e9 l\u2019attitude de l\u2019ambassade alg\u00e9rienne, tout en la consid\u00e9rant comme une tentative manifeste d&#8217;\u00abimpliquer Nouakchott dans des conflits imaginaires \u00bb. Dans un communiqu\u00e9, les journalistes mauritaniens ont rejet\u00e9 les accusations fallacieuses de l\u2019ambassade d\u2019Alg\u00e9rie, mettant en garde contre un stratag\u00e8me alg\u00e9rien qui a commenc\u00e9 \u00abavec la presse, et passera peut-\u00eatre demain \u00e0 des responsables ou encore des ministres \u00bb. Les journalistes mauritaniens ont \u00e9galement exprim\u00e9 leur surprise du fait que l\u2019ambassade d\u2019Alg\u00e9rie ait sous-estim\u00e9 leur pays au point d\u2019\u00e9mettre des ordres adress\u00e9s aux autorit\u00e9s mauritaniennes. Et d\u2019ajouter: \u00abIl est clair que l\u2019Alg\u00e9rie, qui est sous l\u2019emprise des g\u00e9n\u00e9raux de l\u2019arm\u00e9e depuis des d\u00e9cennies, ne comprend pas que la Mauritanie lui est sup\u00e9rieure en mati\u00e8re de libert\u00e9 de la presse, d\u2019expression et de respect de la diff\u00e9rence et de l\u2019opinion de l\u2019autre. Ce sont des choses qui ne s\u2019ach\u00e8tent pas, mais qui s\u2019acqui\u00e8rent, et que les Mauritaniens ont gagn\u00e9es gr\u00e2ce \u00e0 leur longue lutte contre l\u2019oppression, l\u2019autoritarisme, la dictature et l\u2019emprisonnement \u00bb. Ils ont aussi estim\u00e9 que l\u2019attitude de l\u2019ambassade de l\u2019Alg\u00e9rie constitue une tentative pour\u00ab contr\u00f4ler, m\u00e9priser et asservir la presse mauritanienne, au profit de son agenda politique. Tout en \u00e9tant risible et pitoyable, elle r\u00e9v\u00e8le un autre aspect de l\u2019action de cette ambassade, qui suscite la crainte et l\u2019anxi\u00e9t\u00e9 et appelle de notre part \u00e0 la plus grande vigilance\u00bb. Les journalistes mauritaniens qui ont affirm\u00e9 qu\u2019ils \u00abrespectent le peuple fr\u00e8re d\u2019Alg\u00e9rie, attirent l\u2019attention de l\u2019ambassade alg\u00e9rienne sur le fait que bien qu\u2019ils aient beaucoup de similitudes avec les Sahraouis s\u00e9questr\u00e9s par l\u2019Alg\u00e9rie \u00e0 Tindouf, ils ne subiront pas leur sort \u00bb. \u00abNon, votre excellence l\u2019ambassadeur, la Mauritanie n\u2019est pas une wilaya alg\u00e9rienne pour y exercer votre tutelle \u00e9trang\u00e8re\u00bb, a ass\u00e9n\u00e9 le journaliste et chercheur mauritanien, El Hacen Ould Madik, dans une lettre ouverte adress\u00e9e \u00e0 l\u2019ambassadeur d\u2019Alger \u00e0 Nouakchott, Mohamed Benattou et relay\u00e9e par le site mauritanien rapideinfo.<br \/>\nhttps:\/\/www.libe.ma\/La-diplomate-americaine-Michele-Sison-en-visite-au-Maroc-et-en-Algerie-dediee-a-la-question-du-Sahara-marocain_a137049.html<\/p>\n","protected":false},"excerpt":{"rendered":"<p>La sous-secr\u00e9taire d&#8217;Etat am\u00e9ricaine aux affaires des organisations internationales, Mich\u00e8le Sison, effectue actuellement une visite au Maroc et en Alg\u00e9rie pour aborder le diff\u00e9rend sur le Sahara marocain, selon l\u2019agence espagnole Europa Press. \u00abMich\u00e8le Sison se r\u00e9unira avec des hauts fonctionnaires et des repr\u00e9sentants de l&#8217;ONU et de la soci\u00e9t\u00e9 civile\u00bb, a expliqu\u00e9 le d\u00e9partement &hellip;<\/p>\n","protected":false},"author":2,"featured_media":3823,"comment_status":"open","ping_status":"open","sticky":false,"template":"","format":"standard","meta":{"footnotes":""},"categories":[1],"tags":[],"class_list":["post-3822","post","type-post","status-publish","format-standard","has-post-thumbnail","hentry","category-uncategorized"],"_links":{"self":[{"href":"https:\/\/ladepeche.mr\/index.php?rest_route=\/wp\/v2\/posts\/3822","targetHints":{"allow":["GET"]}}],"collection":[{"href":"https:\/\/ladepeche.mr\/index.php?rest_route=\/wp\/v2\/posts"}],"about":[{"href":"https:\/\/ladepeche.mr\/index.php?rest_route=\/wp\/v2\/types\/post"}],"author":[{"embeddable":true,"href":"https:\/\/ladepeche.mr\/index.php?rest_route=\/wp\/v2\/users\/2"}],"replies":[{"embeddable":true,"href":"https:\/\/ladepeche.mr\/index.php?rest_route=%2Fwp%2Fv2%2Fcomments&post=3822"}],"version-history":[{"count":1,"href":"https:\/\/ladepeche.mr\/index.php?rest_route=\/wp\/v2\/posts\/3822\/revisions"}],"predecessor-version":[{"id":3824,"href":"https:\/\/ladepeche.mr\/index.php?rest_route=\/wp\/v2\/posts\/3822\/revisions\/3824"}],"wp:featuredmedia":[{"embeddable":true,"href":"https:\/\/ladepeche.mr\/index.php?rest_route=\/wp\/v2\/media\/3823"}],"wp:attachment":[{"href":"https:\/\/ladepeche.mr\/index.php?rest_route=%2Fwp%2Fv2%2Fmedia&parent=3822"}],"wp:term":[{"taxonomy":"category","embeddable":true,"href":"https:\/\/ladepeche.mr\/index.php?rest_route=%2Fwp%2Fv2%2Fcategories&post=3822"},{"taxonomy":"post_tag","embeddable":true,"href":"https:\/\/ladepeche.mr\/index.php?rest_route=%2Fwp%2Fv2%2Ftags&post=3822"}],"curies":[{"name":"wp","href":"https:\/\/api.w.org\/{rel}","templated":true}]}}