{"id":3833,"date":"2023-01-24T15:53:07","date_gmt":"2023-01-24T15:53:07","guid":{"rendered":"https:\/\/ladepeche.mr\/?p=3833"},"modified":"2023-01-24T15:53:07","modified_gmt":"2023-01-24T15:53:07","slug":"lancement-dun-atelier-sur-la-lutte-contre-la-drepanocytose-hereditaire","status":"publish","type":"post","link":"https:\/\/ladepeche.mr\/?p=3833","title":{"rendered":"Lancement d\u2019un atelier sur la lutte contre la dr\u00e9panocytose h\u00e9r\u00e9ditaire"},"content":{"rendered":"<p>Un atelier sur la lutte contre la dr\u00e9panocytose h\u00e9r\u00e9ditaire, a \u00e9t\u00e9 organis\u00e9, Lundi \u00e0 Nouakchott, par le minist\u00e8re de la Sant\u00e9 en coop\u00e9ration avec le r\u00e9seau d\u2019experts internationaux d\u2019Afrique de l\u2019Ouest et de Madagascar.<\/p>\n<p>La r\u00e9union de quatre jours vise \u00e0 renforcer les efforts de lutte contre l\u2019an\u00e9mie falciforme, la maladie h\u00e9r\u00e9ditaire la plus r\u00e9pandue dans le monde.<\/p>\n<p>Le secr\u00e9taire g\u00e9n\u00e9ral du minist\u00e8re de la sant\u00e9, M. Mohamed Lemine Ould Mohamed El-Haj, a indiqu\u00e9 \u00e0 l\u2019occasion que les travaux du r\u00e9seau s\u2019inscrivent dans le cadre conjoint qu\u2019il a entam\u00e9 il y a dix ans avec l\u2019appui de la Direction de la coop\u00e9ration internationale de Principaut\u00e9 de Monaco, qui a abouti en 2019 \u00e0 la validation d\u2019un guide de prise en charge de cette maladie.<\/p>\n<p>Il a d\u00e9clar\u00e9 que malgr\u00e9 le manque d\u2019informations li\u00e9es \u00e0 la maladie \u00e0 l\u2019heure actuelle, pour la Mauritanie, elle est consid\u00e9r\u00e9e comme un probl\u00e8me de sant\u00e9 publique, ce qui donne une importance extr\u00eame \u00e0 la lutte contre cette maladie, rappelant \u00e0 cet \u00e9gard l\u2019attention intense que le d\u00e9partement de la sant\u00e9 accorde \u00e0 toutes les maladies dans le cadre du plan national de d\u00e9veloppement sanitaire en Mauritanie.<\/p>\n<p>A son tour, la pr\u00e9sidente des M\u00e9decins africains de lutte contre la dr\u00e9panocytose, Mme Kafando Atnoni, a soulign\u00e9 l\u2019importance de cette rencontre qui r\u00e9unit plusieurs pays participant \u00e0 la lutte contre la dr\u00e9panocytose et soutenant leur partenariat dans ce domaine.<\/p>\n<p>D\u2019autre part, la repr\u00e9sentante du gouvernement de la Principaut\u00e9 de Monaco, Mme Anne Abiord Vatricon, a remerci\u00e9 le gouvernement mauritanien pour l\u2019accueil chaleureux et la bonne pr\u00e9paration de l\u2019atelier, et a d\u00e9clar\u00e9 que la dr\u00e9panocytose est une maladie grave maladie g\u00e9n\u00e9tique dont souffrent 120 millions de personnes dans le monde, selon les statistiques de l\u2019Organisation mondiale de la sant\u00e9.<\/p>\n<p>Rappelons que le r\u00e9seau d\u2019experts internationaux d\u2019Afrique de l\u2019Ouest et de Madagascar comprend la Mauritanie, le Burkina Faso, Madagascar, le Mali, en plus du Niger et du S\u00e9n\u00e9gal.<\/p>\n<p>Un certain nombre de m\u00e9decins et de personnes int\u00e9ress\u00e9es par le domaine ont assist\u00e9 au lancement de l\u2019atelier.<br \/>\nAmi<\/p>\n","protected":false},"excerpt":{"rendered":"<p>Un atelier sur la lutte contre la dr\u00e9panocytose h\u00e9r\u00e9ditaire, a \u00e9t\u00e9 organis\u00e9, Lundi \u00e0 Nouakchott, par le minist\u00e8re de la Sant\u00e9 en coop\u00e9ration avec le r\u00e9seau d\u2019experts internationaux d\u2019Afrique de l\u2019Ouest et de Madagascar. La r\u00e9union de quatre jours vise \u00e0 renforcer les efforts de lutte contre l\u2019an\u00e9mie falciforme, la maladie h\u00e9r\u00e9ditaire la plus r\u00e9pandue &hellip;<\/p>\n","protected":false},"author":2,"featured_media":3834,"comment_status":"open","ping_status":"open","sticky":false,"template":"","format":"standard","meta":{"footnotes":""},"categories":[27],"tags":[],"class_list":["post-3833","post","type-post","status-publish","format-standard","has-post-thumbnail","hentry","category-sante"],"_links":{"self":[{"href":"https:\/\/ladepeche.mr\/index.php?rest_route=\/wp\/v2\/posts\/3833","targetHints":{"allow":["GET"]}}],"collection":[{"href":"https:\/\/ladepeche.mr\/index.php?rest_route=\/wp\/v2\/posts"}],"about":[{"href":"https:\/\/ladepeche.mr\/index.php?rest_route=\/wp\/v2\/types\/post"}],"author":[{"embeddable":true,"href":"https:\/\/ladepeche.mr\/index.php?rest_route=\/wp\/v2\/users\/2"}],"replies":[{"embeddable":true,"href":"https:\/\/ladepeche.mr\/index.php?rest_route=%2Fwp%2Fv2%2Fcomments&post=3833"}],"version-history":[{"count":1,"href":"https:\/\/ladepeche.mr\/index.php?rest_route=\/wp\/v2\/posts\/3833\/revisions"}],"predecessor-version":[{"id":3835,"href":"https:\/\/ladepeche.mr\/index.php?rest_route=\/wp\/v2\/posts\/3833\/revisions\/3835"}],"wp:featuredmedia":[{"embeddable":true,"href":"https:\/\/ladepeche.mr\/index.php?rest_route=\/wp\/v2\/media\/3834"}],"wp:attachment":[{"href":"https:\/\/ladepeche.mr\/index.php?rest_route=%2Fwp%2Fv2%2Fmedia&parent=3833"}],"wp:term":[{"taxonomy":"category","embeddable":true,"href":"https:\/\/ladepeche.mr\/index.php?rest_route=%2Fwp%2Fv2%2Fcategories&post=3833"},{"taxonomy":"post_tag","embeddable":true,"href":"https:\/\/ladepeche.mr\/index.php?rest_route=%2Fwp%2Fv2%2Ftags&post=3833"}],"curies":[{"name":"wp","href":"https:\/\/api.w.org\/{rel}","templated":true}]}}