{"id":3836,"date":"2023-01-24T16:35:23","date_gmt":"2023-01-24T16:35:23","guid":{"rendered":"https:\/\/ladepeche.mr\/?p=3836"},"modified":"2023-01-24T16:35:23","modified_gmt":"2023-01-24T16:35:23","slug":"nourrir-lafrique-souverainete-alimentaire-et-resilience-ghazaouani-a-dakar-pour-defendre-le-pacte-national-avec-la-bad","status":"publish","type":"post","link":"https:\/\/ladepeche.mr\/?p=3836","title":{"rendered":"\u00abNourrir l\u2019Afrique : Souverainet\u00e9 alimentaire et r\u00e9silience \u00bb: Ghazaouani \u00e0 Dakar pour d\u00e9fendre le pacte national avec la BAD"},"content":{"rendered":"<p>Le pr\u00e9sident de la R\u00e9publique, Mohamed Ould Ghazouani, \u00e0 la t\u00eate d&#8217;une d\u00e9l\u00e9gation de son gouvernement, s\u2019envolera mardi soir, en direction de Dakar o\u00f9 se tient, du 25 au 27 janvier 2023, le second sommet de Dakar \u00abNourrir l\u2019Afrique : Souverainet\u00e9 alimentaire et r\u00e9silience\u00bb.<br \/>\nLe pr\u00e9sident Ghazaouani prendra part \u00e0 ce sommet en m\u00eame temps qu\u2019une vingtaine de Chefs d\u2019Etat et de gouvernement africains, de directeurs d\u2019institutions comme la BAD ou encore la FAO. Le sommet qui se tient au Cicad de Diamniadio ont annonc\u00e9 les autorit\u00e9s s\u00e9n\u00e9galaises est le second du genre apr\u00e8s celui de 2015.<br \/>\nSelon Beth Dunford, vice-pr\u00e9sidente \u00e0 l\u2019Agriculture, au D\u00e9veloppement social et humain \u00e0 la BAD, qui co-organise le sommet avec le S\u00e9n\u00e9gal: \u00ab le sommet va tourner autour de sessions concr\u00e8tes pour trouver des solutions aux questions de l&#8217;ins\u00e9curit\u00e9 alimentaire sur le continent \u00bb.<br \/>\nN\u00e9anmoins, chacun des pays pr\u00e9sents devrait d\u00e9fendre son pacte national de souverainet\u00e9 alimentaire avec la BAD qui se fondera sur ces sessions pour l\u2019accompagner dans sa strat\u00e9gie.<br \/>\nLa BAD a consacr\u00e9 depuis le lancement de la strat\u00e9gie \u2018\u2019Nourrir l\u2019Afrique\u2019\u2019 7 milliards USD.<\/p>\n","protected":false},"excerpt":{"rendered":"<p>Le pr\u00e9sident de la R\u00e9publique, Mohamed Ould Ghazouani, \u00e0 la t\u00eate d&#8217;une d\u00e9l\u00e9gation de son gouvernement, s\u2019envolera mardi soir, en direction de Dakar o\u00f9 se tient, du 25 au 27 janvier 2023, le second sommet de Dakar \u00abNourrir l\u2019Afrique : Souverainet\u00e9 alimentaire et r\u00e9silience\u00bb. Le pr\u00e9sident Ghazaouani prendra part \u00e0 ce sommet en m\u00eame temps &hellip;<\/p>\n","protected":false},"author":2,"featured_media":3837,"comment_status":"open","ping_status":"open","sticky":false,"template":"","format":"standard","meta":{"footnotes":""},"categories":[18,29],"tags":[],"class_list":["post-3836","post","type-post","status-publish","format-standard","has-post-thumbnail","hentry","category-actualites","category-monde"],"_links":{"self":[{"href":"https:\/\/ladepeche.mr\/index.php?rest_route=\/wp\/v2\/posts\/3836","targetHints":{"allow":["GET"]}}],"collection":[{"href":"https:\/\/ladepeche.mr\/index.php?rest_route=\/wp\/v2\/posts"}],"about":[{"href":"https:\/\/ladepeche.mr\/index.php?rest_route=\/wp\/v2\/types\/post"}],"author":[{"embeddable":true,"href":"https:\/\/ladepeche.mr\/index.php?rest_route=\/wp\/v2\/users\/2"}],"replies":[{"embeddable":true,"href":"https:\/\/ladepeche.mr\/index.php?rest_route=%2Fwp%2Fv2%2Fcomments&post=3836"}],"version-history":[{"count":1,"href":"https:\/\/ladepeche.mr\/index.php?rest_route=\/wp\/v2\/posts\/3836\/revisions"}],"predecessor-version":[{"id":3838,"href":"https:\/\/ladepeche.mr\/index.php?rest_route=\/wp\/v2\/posts\/3836\/revisions\/3838"}],"wp:featuredmedia":[{"embeddable":true,"href":"https:\/\/ladepeche.mr\/index.php?rest_route=\/wp\/v2\/media\/3837"}],"wp:attachment":[{"href":"https:\/\/ladepeche.mr\/index.php?rest_route=%2Fwp%2Fv2%2Fmedia&parent=3836"}],"wp:term":[{"taxonomy":"category","embeddable":true,"href":"https:\/\/ladepeche.mr\/index.php?rest_route=%2Fwp%2Fv2%2Fcategories&post=3836"},{"taxonomy":"post_tag","embeddable":true,"href":"https:\/\/ladepeche.mr\/index.php?rest_route=%2Fwp%2Fv2%2Ftags&post=3836"}],"curies":[{"name":"wp","href":"https:\/\/api.w.org\/{rel}","templated":true}]}}