{"id":3843,"date":"2023-01-24T18:31:41","date_gmt":"2023-01-24T18:31:41","guid":{"rendered":"https:\/\/ladepeche.mr\/?p=3843"},"modified":"2023-01-24T18:40:10","modified_gmt":"2023-01-24T18:40:10","slug":"politique-a-la-veille-de-son-proces-lancien-president-arrete-par-la-police","status":"publish","type":"post","link":"https:\/\/ladepeche.mr\/?p=3843","title":{"rendered":"Politique : A la veille de son proc\u00e8s, l\u2019ancien pr\u00e9sident arr\u00eat\u00e9 par la police"},"content":{"rendered":"<p>L\u2019ancien pr\u00e9sident, Mohamed Ould Abdel Aziz, a \u00e9t\u00e9 arr\u00eat\u00e9 cet apr\u00e8s-midi \u00e0 son domicile \u00e0 Nouakchott et emmen\u00e9 par la police la veille de son proc\u00e8s, constate-t-on sur place.<br \/>\nSelon certaines sources, se fondant sur des indiscr\u00e9tions judiciaires, tous les pr\u00e9venus dans l\u2019affaire dite du \u00ab proc\u00e8s de la d\u00e9cennie\u00bb  devraient passer cette nuit entre les mains de la police avant d\u2019\u00eatre emmen\u00e9s mercredi matin au palais de justice o\u00f9 ils comparaitront devant la cour criminelle sp\u00e9cialis\u00e9e dans la lutte contre la corruption.<br \/>\nIls sont au total onze personnes cit\u00e9es dans cette affaire o\u00f9 l\u2019ancien pr\u00e9sident est poursuivi sur la base d\u2019une enqu\u00eate d\u2019une commission parlementaire dont il a toujours ni\u00e9 la l\u00e9gitimit\u00e9.<br \/>\nSes avocats n\u2019auraient, cependant, re\u00e7u son dossier complet que lundi, c\u2019est \u00e0 deux jours du proc\u00e8s.<br \/>\nL\u2019ancien pr\u00e9sident, Mohamed Ould Abdel Aziz, au pouvoir entre 2009 et 2019, comparaitra demain, mercredi 25 janvier 2023, pour un chapelet de chefs d\u2019accusation dont la corruption, le d\u00e9tournement de deniers publics\u2026.<br \/>\nDans plusieurs sorties m\u00e9diatis\u00e9es l\u2019ancien pr\u00e9sident avait mis au d\u00e9fi le r\u00e9gime en place de prouver qu\u2019il ait pris le moindre ouguiya des deniers publics estimant que sa poursuite rel\u00e8ve du harc\u00e8lement politique.<\/p>\n","protected":false},"excerpt":{"rendered":"<p>L\u2019ancien pr\u00e9sident, Mohamed Ould Abdel Aziz, a \u00e9t\u00e9 arr\u00eat\u00e9 cet apr\u00e8s-midi \u00e0 son domicile \u00e0 Nouakchott et emmen\u00e9 par la police la veille de son proc\u00e8s, constate-t-on sur place. Selon certaines sources, se fondant sur des indiscr\u00e9tions judiciaires, tous les pr\u00e9venus dans l\u2019affaire dite du \u00ab proc\u00e8s de la d\u00e9cennie\u00bb devraient passer cette nuit entre &hellip;<\/p>\n","protected":false},"author":2,"featured_media":3847,"comment_status":"open","ping_status":"open","sticky":false,"template":"","format":"standard","meta":{"footnotes":""},"categories":[18],"tags":[],"class_list":["post-3843","post","type-post","status-publish","format-standard","has-post-thumbnail","hentry","category-actualites"],"_links":{"self":[{"href":"https:\/\/ladepeche.mr\/index.php?rest_route=\/wp\/v2\/posts\/3843","targetHints":{"allow":["GET"]}}],"collection":[{"href":"https:\/\/ladepeche.mr\/index.php?rest_route=\/wp\/v2\/posts"}],"about":[{"href":"https:\/\/ladepeche.mr\/index.php?rest_route=\/wp\/v2\/types\/post"}],"author":[{"embeddable":true,"href":"https:\/\/ladepeche.mr\/index.php?rest_route=\/wp\/v2\/users\/2"}],"replies":[{"embeddable":true,"href":"https:\/\/ladepeche.mr\/index.php?rest_route=%2Fwp%2Fv2%2Fcomments&post=3843"}],"version-history":[{"count":1,"href":"https:\/\/ladepeche.mr\/index.php?rest_route=\/wp\/v2\/posts\/3843\/revisions"}],"predecessor-version":[{"id":3844,"href":"https:\/\/ladepeche.mr\/index.php?rest_route=\/wp\/v2\/posts\/3843\/revisions\/3844"}],"wp:featuredmedia":[{"embeddable":true,"href":"https:\/\/ladepeche.mr\/index.php?rest_route=\/wp\/v2\/media\/3847"}],"wp:attachment":[{"href":"https:\/\/ladepeche.mr\/index.php?rest_route=%2Fwp%2Fv2%2Fmedia&parent=3843"}],"wp:term":[{"taxonomy":"category","embeddable":true,"href":"https:\/\/ladepeche.mr\/index.php?rest_route=%2Fwp%2Fv2%2Fcategories&post=3843"},{"taxonomy":"post_tag","embeddable":true,"href":"https:\/\/ladepeche.mr\/index.php?rest_route=%2Fwp%2Fv2%2Ftags&post=3843"}],"curies":[{"name":"wp","href":"https:\/\/api.w.org\/{rel}","templated":true}]}}