{"id":3851,"date":"2023-01-25T08:00:52","date_gmt":"2023-01-25T08:00:52","guid":{"rendered":"https:\/\/ladepeche.mr\/?p=3851"},"modified":"2023-01-25T10:58:04","modified_gmt":"2023-01-25T10:58:04","slug":"secteur-minier-letat-veut-rehausser-les-redevances","status":"publish","type":"post","link":"https:\/\/ladepeche.mr\/?p=3851","title":{"rendered":"Secteur minier : L\u2019Etat veut rehausser les redevances"},"content":{"rendered":"<p>L\u2019Etat mauritanien entend rehausser les taxes et redevances mini\u00e8res via un d\u00e9cret corrigeant les ristournes engrang\u00e9es de l\u2019exploitation par des soci\u00e9t\u00e9s \u00e9trang\u00e8res des mines dans le pays.<br \/>\nDans le communiqu\u00e9 du conseil des ministres de ce mercredi, l\u2019Etat explique cette mesure par \u00ab la logique d\u2019am\u00e9lioration notoire des prix des mati\u00e8res premi\u00e8res mini\u00e8res dans le monde \u00bb. Une am\u00e9lioration dont il veut lui aussi tirer profit en rehaussant les redevances et les taxes per\u00e7ues sur les activit\u00e9s de ces entreprises.<br \/>\nNotons, par ailleurs, que le gouvernement entend modifier la r\u00e8glementation sur les titres miniers et de carri\u00e8re pour une conformit\u00e9 \u00ab aux normes de l\u2019Initiative pour la Transparence dans les Industries Extractives (ITIE) et l\u2019apurement des instances au cadastre minier pour la redynamisation de l\u2019activit\u00e9 mini\u00e8re \u00bb souligne-t-il.<br \/>\nLe secteur minier est aujourd\u2019hui le pilier de l\u2019activit\u00e9 \u00e9conomique du pays et a r\u00e9cemment contribu\u00e9 une meilleure r\u00e9silience de l\u2019\u00e9conomie nationale lors de la derni\u00e8re pand\u00e9mie de la COV-19.<\/p>\n","protected":false},"excerpt":{"rendered":"<p>L\u2019Etat mauritanien entend rehausser les taxes et redevances mini\u00e8res via un d\u00e9cret corrigeant les ristournes engrang\u00e9es de l\u2019exploitation par des soci\u00e9t\u00e9s \u00e9trang\u00e8res des mines dans le pays. Dans le communiqu\u00e9 du conseil des ministres de ce mercredi, l\u2019Etat explique cette mesure par \u00ab la logique d\u2019am\u00e9lioration notoire des prix des mati\u00e8res premi\u00e8res mini\u00e8res dans le &hellip;<\/p>\n","protected":false},"author":2,"featured_media":3853,"comment_status":"open","ping_status":"open","sticky":false,"template":"","format":"standard","meta":{"footnotes":""},"categories":[18,2],"tags":[],"class_list":["post-3851","post","type-post","status-publish","format-standard","has-post-thumbnail","hentry","category-actualites","category-economie"],"_links":{"self":[{"href":"https:\/\/ladepeche.mr\/index.php?rest_route=\/wp\/v2\/posts\/3851","targetHints":{"allow":["GET"]}}],"collection":[{"href":"https:\/\/ladepeche.mr\/index.php?rest_route=\/wp\/v2\/posts"}],"about":[{"href":"https:\/\/ladepeche.mr\/index.php?rest_route=\/wp\/v2\/types\/post"}],"author":[{"embeddable":true,"href":"https:\/\/ladepeche.mr\/index.php?rest_route=\/wp\/v2\/users\/2"}],"replies":[{"embeddable":true,"href":"https:\/\/ladepeche.mr\/index.php?rest_route=%2Fwp%2Fv2%2Fcomments&post=3851"}],"version-history":[{"count":1,"href":"https:\/\/ladepeche.mr\/index.php?rest_route=\/wp\/v2\/posts\/3851\/revisions"}],"predecessor-version":[{"id":3854,"href":"https:\/\/ladepeche.mr\/index.php?rest_route=\/wp\/v2\/posts\/3851\/revisions\/3854"}],"wp:featuredmedia":[{"embeddable":true,"href":"https:\/\/ladepeche.mr\/index.php?rest_route=\/wp\/v2\/media\/3853"}],"wp:attachment":[{"href":"https:\/\/ladepeche.mr\/index.php?rest_route=%2Fwp%2Fv2%2Fmedia&parent=3851"}],"wp:term":[{"taxonomy":"category","embeddable":true,"href":"https:\/\/ladepeche.mr\/index.php?rest_route=%2Fwp%2Fv2%2Fcategories&post=3851"},{"taxonomy":"post_tag","embeddable":true,"href":"https:\/\/ladepeche.mr\/index.php?rest_route=%2Fwp%2Fv2%2Ftags&post=3851"}],"curies":[{"name":"wp","href":"https:\/\/api.w.org\/{rel}","templated":true}]}}