{"id":3862,"date":"2023-01-24T23:21:13","date_gmt":"2023-01-24T23:21:13","guid":{"rendered":"https:\/\/ladepeche.mr\/?p=3862"},"modified":"2023-01-25T07:56:22","modified_gmt":"2023-01-25T07:56:22","slug":"affaire-de-la-decennie-les-avocats-de-lancien-president-mohamed-ould-abdel-aziz-disent-craindre-pour-sa-sante","status":"publish","type":"post","link":"https:\/\/ladepeche.mr\/?p=3862","title":{"rendered":"Affaire de la d\u00e9cennie: Les avocats de l&#8217;ancien pr\u00e9sident, Mohamed Ould Abdel Aziz, disent craindre pour sa  sant\u00e9"},"content":{"rendered":"<p>Les avocats de l\u2019ancien pr\u00e9sident, Mohamed Ould Abdel Aziz, disent craindre pour la sant\u00e9 de leur client et disent faire porter la responsabilit\u00e9 de sa situation de sant\u00e9 \u00e0 ses ge\u00f4liers, a dit mardi soir le s\u00e9n\u00e9galais Ma\u00eetre Cir\u00e9 Cledor Ly dans le cadre d\u2019une conf\u00e9rence de presse de la d\u00e9fense, en r\u00e9action \u00e0 l\u2019arrestation de l&#8217;ancien pr\u00e9sident dans l\u2019apr\u00e8s-midi.<br \/>\nLes avocats attestent que les autorit\u00e9s s\u00e9curitaires ont appel\u00e9 le m\u00e9decin personnel de l\u2019ancien pr\u00e9sident, qui aurait eu des malaises apr\u00e8s son arrestation par la police mauritanienne.<br \/>\nIls ont \u00e9galement dit que la proc\u00e9dure suivie pour le mandat de d\u00e9p\u00f4t contre lui \u00e9tait faite en violation de la loi et demand\u00e9 son annulation.<br \/>\nMaitre Cir\u00e9 Cl\u00e9dor a quant \u00e0 lui indiqu\u00e9 que \u00ab tous les ingr\u00e9dients pour un proc\u00e8s in\u00e9quitable \u00e9taient r\u00e9unis\u00bb selon lui.<br \/>\nL\u2019ancien pr\u00e9sident, de 2009 \u00e0 2019, Mohamed Ould Abdel Aziz, a \u00e9t\u00e9 arr\u00eat\u00e9 cet apr\u00e8s-midi \u00e0 son domicile \u00e0 Nouakchott et emmen\u00e9 par la police la veille de son proc\u00e8s.<\/p>\n","protected":false},"excerpt":{"rendered":"<p>Les avocats de l\u2019ancien pr\u00e9sident, Mohamed Ould Abdel Aziz, disent craindre pour la sant\u00e9 de leur client et disent faire porter la responsabilit\u00e9 de sa situation de sant\u00e9 \u00e0 ses ge\u00f4liers, a dit mardi soir le s\u00e9n\u00e9galais Ma\u00eetre Cir\u00e9 Cledor Ly dans le cadre d\u2019une conf\u00e9rence de presse de la d\u00e9fense, en r\u00e9action \u00e0 l\u2019arrestation &hellip;<\/p>\n","protected":false},"author":2,"featured_media":3866,"comment_status":"open","ping_status":"open","sticky":false,"template":"","format":"standard","meta":{"footnotes":""},"categories":[18,1],"tags":[],"class_list":["post-3862","post","type-post","status-publish","format-standard","has-post-thumbnail","hentry","category-actualites","category-uncategorized"],"_links":{"self":[{"href":"https:\/\/ladepeche.mr\/index.php?rest_route=\/wp\/v2\/posts\/3862","targetHints":{"allow":["GET"]}}],"collection":[{"href":"https:\/\/ladepeche.mr\/index.php?rest_route=\/wp\/v2\/posts"}],"about":[{"href":"https:\/\/ladepeche.mr\/index.php?rest_route=\/wp\/v2\/types\/post"}],"author":[{"embeddable":true,"href":"https:\/\/ladepeche.mr\/index.php?rest_route=\/wp\/v2\/users\/2"}],"replies":[{"embeddable":true,"href":"https:\/\/ladepeche.mr\/index.php?rest_route=%2Fwp%2Fv2%2Fcomments&post=3862"}],"version-history":[{"count":4,"href":"https:\/\/ladepeche.mr\/index.php?rest_route=\/wp\/v2\/posts\/3862\/revisions"}],"predecessor-version":[{"id":3871,"href":"https:\/\/ladepeche.mr\/index.php?rest_route=\/wp\/v2\/posts\/3862\/revisions\/3871"}],"wp:featuredmedia":[{"embeddable":true,"href":"https:\/\/ladepeche.mr\/index.php?rest_route=\/wp\/v2\/media\/3866"}],"wp:attachment":[{"href":"https:\/\/ladepeche.mr\/index.php?rest_route=%2Fwp%2Fv2%2Fmedia&parent=3862"}],"wp:term":[{"taxonomy":"category","embeddable":true,"href":"https:\/\/ladepeche.mr\/index.php?rest_route=%2Fwp%2Fv2%2Fcategories&post=3862"},{"taxonomy":"post_tag","embeddable":true,"href":"https:\/\/ladepeche.mr\/index.php?rest_route=%2Fwp%2Fv2%2Ftags&post=3862"}],"curies":[{"name":"wp","href":"https:\/\/api.w.org\/{rel}","templated":true}]}}