{"id":3867,"date":"2023-01-25T10:30:50","date_gmt":"2023-01-25T10:30:50","guid":{"rendered":"https:\/\/ladepeche.mr\/?p=3867"},"modified":"2023-01-25T12:56:51","modified_gmt":"2023-01-25T12:56:51","slug":"demarrage-dun-atelier-sur-linvestissement-responsable-dans-lagriculture-et-les-systemes-alimentaires","status":"publish","type":"post","link":"https:\/\/ladepeche.mr\/?p=3867","title":{"rendered":"D\u00e9marrage d&#8217;un atelier sur l&#8217;investissement responsable dans l&#8217;agriculture et les syst\u00e8mes alimentaires"},"content":{"rendered":"<p>Le minist\u00e8re des Affaires \u00e9conomiques et de la Promotion des secteurs productifs a organis\u00e9, lundi \u00e0 Nouakchott, un atelier sur\u00a0 l&#8217;encouragement de l&#8217;investissement responsable dans l&#8217;agriculture et les syst\u00e8mes alimentaires aupr\u00e8s \u00a0des\u00a0 jeunes entrepreneurs, en coop\u00e9ration avec l&#8217;Organisation des Nations Unies pour l&#8217;alimentation et l&#8217;agriculture (FAO). <\/p>\n<p>Dans un mot prononc\u00e9\u00a0 pour l&#8217;occasion, le secr\u00e9taire g\u00e9n\u00e9ral du minist\u00e8re des affaires \u00e9conomiques, M. Yacoub Ould Ahmed A\u00efcha, a exprim\u00e9 l&#8217;importance particuli\u00e8re accord\u00e9e \u00e0 \u00a0l&#8217;agriculture et les syst\u00e8mes alimentaires, notamment\u00a0 apr\u00e8s l&#8217;\u00e9mergence de la pand\u00e9mie de Covid 19\u00a0 et\u00a0 la guerre en Ukraine, qui ont \u00a0mis en lumi\u00e8re la fragilit\u00e9 structurelle dont souffre les syst\u00e8mes agricoles et alimentaires\u00a0 dans les pays en d\u00e9veloppement; soulignant que les fluctuations g\u00e9ostrat\u00e9giques et climatiques ont eu un impact significatif et direct sur l&#8217;offre et les prix alimentaires. <\/p>\n<p>Il a expliqu\u00e9 que notre pays dispose de plus de 135 000 hectares irrigables et dispose d&#8217;importantes ressources en eau de surface, ainsi que d&#8217;une population\u00a0 capable de \u00a0stimuler la croissance. <\/p>\n<p>Cependant, dit-il, en d\u00e9pit de \u00a0ces potentialit\u00e9s et malgr\u00e9 l&#8217;acc\u00e9l\u00e9ration du rythme des investissements dans le secteur agricole, durant ces derni\u00e8res ann\u00e9es, la contribution de celui-ci \u00e0 l&#8217;\u00e9conomie nationale est rest\u00e9e en de\u00e7\u00e0 des ambitions. <\/p>\n<p>Le Secr\u00e9taire g\u00e9n\u00e9ral a ajout\u00e9 que le gouvernement, sous les directives de Son Excellence le Pr\u00e9sident de la R\u00e9publique, M. Mohamed Ould Cheikh Al-Ghazouani, et conscient de la n\u00e9cessit\u00e9 de faire progresser le secteur agricole, a mobilis\u00e9 des ressources importantes pour entra\u00eener\u00a0 un bond en avant dans ce secteur qui \u00a0repr\u00e9sente l\u2019un des principaux piliers \u00a0de la croissance, de la s\u00e9curit\u00e9 alimentaire et de l&#8217;emploi.<br \/>\nIl a \u00e9galement indiqu\u00e9 que ce projet, vise \u00e0 mettre en place une agriculture durable innovante qui respecte l&#8217;environnement, soutient la s\u00e9curit\u00e9 alimentaire, r\u00e9duit la malnutrition et cr\u00e9e de l&#8217;emploi. <\/p>\n<p>De son c\u00f4t\u00e9, la repr\u00e9sentante de l&#8217;Organisation des Nations Unies pour l&#8217;Alimentation et l&#8217;Agriculture, Mme Kinday Ysamba, a d\u00e9clar\u00e9 que son organisation soutient \u00a0les initiatives de la Mauritanie visant \u00e0 promouvoir l&#8217;int\u00e9gration des jeunes dans les secteurs agricole et alimentaire, soulignant \u00a0que l&#8217;organisation apportera un soutien aux renforcement des capacit\u00e9s identifi\u00e9es \u00a0pour l&#8217;ann\u00e9e 2023. <\/p>\n<p>La c\u00e9r\u00e9monie de lancement s&#8217;est d\u00e9roul\u00e9e en pr\u00e9sence du Directeur g\u00e9n\u00e9ral des Politiques et Strat\u00e9gies de D\u00e9veloppement, M. Cheikhna Ould Baddad, et de plusieurs\u00a0 responsables des secteurs concern\u00e9s.<br \/>\nSource MAEPSP<\/p>\n","protected":false},"excerpt":{"rendered":"<p>Le minist\u00e8re des Affaires \u00e9conomiques et de la Promotion des secteurs productifs a organis\u00e9, lundi \u00e0 Nouakchott, un atelier sur\u00a0 l&#8217;encouragement de l&#8217;investissement responsable dans l&#8217;agriculture et les syst\u00e8mes alimentaires aupr\u00e8s \u00a0des\u00a0 jeunes entrepreneurs, en coop\u00e9ration avec l&#8217;Organisation des Nations Unies pour l&#8217;alimentation et l&#8217;agriculture (FAO). Dans un mot prononc\u00e9\u00a0 pour l&#8217;occasion, le secr\u00e9taire g\u00e9n\u00e9ral &hellip;<\/p>\n","protected":false},"author":2,"featured_media":3868,"comment_status":"open","ping_status":"open","sticky":false,"template":"","format":"standard","meta":{"footnotes":""},"categories":[18,2,19],"tags":[],"class_list":["post-3867","post","type-post","status-publish","format-standard","has-post-thumbnail","hentry","category-actualites","category-economie","category-tribune"],"_links":{"self":[{"href":"https:\/\/ladepeche.mr\/index.php?rest_route=\/wp\/v2\/posts\/3867","targetHints":{"allow":["GET"]}}],"collection":[{"href":"https:\/\/ladepeche.mr\/index.php?rest_route=\/wp\/v2\/posts"}],"about":[{"href":"https:\/\/ladepeche.mr\/index.php?rest_route=\/wp\/v2\/types\/post"}],"author":[{"embeddable":true,"href":"https:\/\/ladepeche.mr\/index.php?rest_route=\/wp\/v2\/users\/2"}],"replies":[{"embeddable":true,"href":"https:\/\/ladepeche.mr\/index.php?rest_route=%2Fwp%2Fv2%2Fcomments&post=3867"}],"version-history":[{"count":2,"href":"https:\/\/ladepeche.mr\/index.php?rest_route=\/wp\/v2\/posts\/3867\/revisions"}],"predecessor-version":[{"id":3881,"href":"https:\/\/ladepeche.mr\/index.php?rest_route=\/wp\/v2\/posts\/3867\/revisions\/3881"}],"wp:featuredmedia":[{"embeddable":true,"href":"https:\/\/ladepeche.mr\/index.php?rest_route=\/wp\/v2\/media\/3868"}],"wp:attachment":[{"href":"https:\/\/ladepeche.mr\/index.php?rest_route=%2Fwp%2Fv2%2Fmedia&parent=3867"}],"wp:term":[{"taxonomy":"category","embeddable":true,"href":"https:\/\/ladepeche.mr\/index.php?rest_route=%2Fwp%2Fv2%2Fcategories&post=3867"},{"taxonomy":"post_tag","embeddable":true,"href":"https:\/\/ladepeche.mr\/index.php?rest_route=%2Fwp%2Fv2%2Ftags&post=3867"}],"curies":[{"name":"wp","href":"https:\/\/api.w.org\/{rel}","templated":true}]}}