{"id":3872,"date":"2023-01-25T09:31:52","date_gmt":"2023-01-25T09:31:52","guid":{"rendered":"https:\/\/ladepeche.mr\/?p=3872"},"modified":"2023-01-25T09:32:03","modified_gmt":"2023-01-25T09:32:03","slug":"politique-la-deputee-zeinebou-mint-taghi-se-dit-amere-face-a-une-manipulation-dans-le-dossier-de-la-decennie","status":"publish","type":"post","link":"https:\/\/ladepeche.mr\/?p=3872","title":{"rendered":"Politique: La d\u00e9put\u00e9e Zeinebou Mint Taghi se dit am\u00e8re face \u00e0 \u00abune manipulation\u00a0\u00bb dans le dossier de la d\u00e9cennie"},"content":{"rendered":"<p>La d\u00e9put\u00e9e de Tawassoul, Zeinebou Mint Taghi, a d\u00e9plor\u00e9 la veille de l\u2019ouverture du proc\u00e8s de l\u2019ancien pr\u00e9sident et ses co-accus\u00e9s ce qu\u2019elle a qualifi\u00e9 de \u00abmanipulation\u00a0\u00bb dans ledit dossier estimant que cela a port\u00e9 pr\u00e9judice \u00e0 sa cr\u00e9dibilit\u00e9.<br \/>\nLa d\u00e9put\u00e9e s\u2019exprimait au cours d\u2019un d\u00eener pour \u00e9taler le bilan de son dernier mandat \u00e0 l\u2019Assembl\u00e9e nationale. Elle a encore dit qu\u2019elle \u00e9tait am\u00e8re de constater que le dossier dont elle a pr\u00e9sid\u00e9 le comit\u00e9 pour la mise en place de la Commission d\u2019enqu\u00eate parlementaire sur la gestion de l\u2019ancien pr\u00e9sident Mohamed Ould Abdel Aziz (CEP), malgr\u00e9 la d\u00e9couverte d\u2019une  importante \u0153uvre de dilapidation des deniers publics, n\u2019en a pas moins \u00e9t\u00e9 vid\u00e9 de sa cr\u00e9dibilit\u00e9 par l\u2019exfiltration de plusieurs personnes mouill\u00e9es jusqu\u2019au coup dans cette affaire.<br \/>\nSur une liste de 300 personnes, elles ne sont, en effet, plus que onze personnes dans le box des accus\u00e9s.<br \/>\nLa d\u00e9put\u00e9e du parti Tawassoul a encore soulign\u00e9 qu\u2019autant elle avait \u00e9t\u00e9 encourag\u00e9e par la mise en place de la CEP, au d\u00e9but de l\u2019enqu\u00eate, pour une plus grande transparence dans la gestion des affaires publiques, autant elle est d\u00e9\u00e7ue aujourd\u2019hui du processus que l\u2019enqu\u00eate parlementaire a suivi soulignant qu\u2019elle ne croit plus qu\u2019une autre CEP puisse voir le jour tant les limites entre l\u2019ex\u00e9cutif, le judiciaire et le l\u00e9gislatif sont floues.<br \/>\nLe dossier de la d\u00e9cennie en rapport avec les dix ans de r\u00e8gne de l\u2019ancien pr\u00e9sident, MOhamed Ould Abdel Aziz, de 2009 \u00e0 2019, s\u2019ouvre, rappelle-t-on, aujourd\u2019hui mercredi 25 janvier 2023, avec la comparution de onze personne dont l\u2019ancien chef de l\u2019Etat. <\/p>\n","protected":false},"excerpt":{"rendered":"<p>La d\u00e9put\u00e9e de Tawassoul, Zeinebou Mint Taghi, a d\u00e9plor\u00e9 la veille de l\u2019ouverture du proc\u00e8s de l\u2019ancien pr\u00e9sident et ses co-accus\u00e9s ce qu\u2019elle a qualifi\u00e9 de \u00abmanipulation\u00a0\u00bb dans ledit dossier estimant que cela a port\u00e9 pr\u00e9judice \u00e0 sa cr\u00e9dibilit\u00e9. La d\u00e9put\u00e9e s\u2019exprimait au cours d\u2019un d\u00eener pour \u00e9taler le bilan de son dernier mandat \u00e0 &hellip;<\/p>\n","protected":false},"author":2,"featured_media":3874,"comment_status":"open","ping_status":"open","sticky":false,"template":"","format":"standard","meta":{"footnotes":""},"categories":[18],"tags":[],"class_list":["post-3872","post","type-post","status-publish","format-standard","has-post-thumbnail","hentry","category-actualites"],"_links":{"self":[{"href":"https:\/\/ladepeche.mr\/index.php?rest_route=\/wp\/v2\/posts\/3872","targetHints":{"allow":["GET"]}}],"collection":[{"href":"https:\/\/ladepeche.mr\/index.php?rest_route=\/wp\/v2\/posts"}],"about":[{"href":"https:\/\/ladepeche.mr\/index.php?rest_route=\/wp\/v2\/types\/post"}],"author":[{"embeddable":true,"href":"https:\/\/ladepeche.mr\/index.php?rest_route=\/wp\/v2\/users\/2"}],"replies":[{"embeddable":true,"href":"https:\/\/ladepeche.mr\/index.php?rest_route=%2Fwp%2Fv2%2Fcomments&post=3872"}],"version-history":[{"count":1,"href":"https:\/\/ladepeche.mr\/index.php?rest_route=\/wp\/v2\/posts\/3872\/revisions"}],"predecessor-version":[{"id":3873,"href":"https:\/\/ladepeche.mr\/index.php?rest_route=\/wp\/v2\/posts\/3872\/revisions\/3873"}],"wp:featuredmedia":[{"embeddable":true,"href":"https:\/\/ladepeche.mr\/index.php?rest_route=\/wp\/v2\/media\/3874"}],"wp:attachment":[{"href":"https:\/\/ladepeche.mr\/index.php?rest_route=%2Fwp%2Fv2%2Fmedia&parent=3872"}],"wp:term":[{"taxonomy":"category","embeddable":true,"href":"https:\/\/ladepeche.mr\/index.php?rest_route=%2Fwp%2Fv2%2Fcategories&post=3872"},{"taxonomy":"post_tag","embeddable":true,"href":"https:\/\/ladepeche.mr\/index.php?rest_route=%2Fwp%2Fv2%2Ftags&post=3872"}],"curies":[{"name":"wp","href":"https:\/\/api.w.org\/{rel}","templated":true}]}}