{"id":3875,"date":"2023-01-25T10:55:53","date_gmt":"2023-01-25T10:55:53","guid":{"rendered":"https:\/\/ladepeche.mr\/?p=3875"},"modified":"2023-01-25T10:55:53","modified_gmt":"2023-01-25T10:55:53","slug":"proces-de-lancien-president-le-porte-parole-du-gouvernement-nani-ould-chrougha-assure-que-le-proces-sera-transparent","status":"publish","type":"post","link":"https:\/\/ladepeche.mr\/?p=3875","title":{"rendered":"Proc\u00e8s de l\u2019ancien pr\u00e9sident: Le porte-parole du gouvernement, Nani Ould Chrougha, assure que le proc\u00e8s sera transparent"},"content":{"rendered":"<p>Le porte-parole du gouvernement, Nani Ould Chrougha, interpel\u00e9 mardi sur le proc\u00e8s de l\u2019ancien pr\u00e9sident, MOhamed Ould Abel Aziz, a assur\u00e9 que \u00ab toutes les mesures n\u00e9cessaires ont \u00e9t\u00e9 prises pour assurer un proc\u00e8s transparent et digne\u00a0\u00bb.<br \/>\nLe porte-parole du gouvernement qui commentait en m\u00eame temps que ses coll\u00e8gues du p\u00e9trole et de l\u2019urbanisme, les r\u00e9sultats du conseil des ministres a, en outre, d\u00e9clar\u00e9 que la \u00ab\u00a0presse et le public sont autoris\u00e9s \u00e0 assister aux audiences de ce proc\u00e8s, qui constitue le premier de son genre au niveau de la Mauritanie\u00a0\u00bb, a-t-il affirm\u00e9.<br \/>\nL\u2019ancien pr\u00e9sident, MOhamed Ould Abdel Aziz, poursuivi pour de nombreux chefs d\u2019accusation compara\u00eet aujourd\u2019hui en m\u00eame qu\u2019une dizaine d\u2019autres personnes pour en r\u00e9pondre devant le tribunal correctionnel de Nouakchott.<\/p>\n","protected":false},"excerpt":{"rendered":"<p>Le porte-parole du gouvernement, Nani Ould Chrougha, interpel\u00e9 mardi sur le proc\u00e8s de l\u2019ancien pr\u00e9sident, MOhamed Ould Abel Aziz, a assur\u00e9 que \u00ab toutes les mesures n\u00e9cessaires ont \u00e9t\u00e9 prises pour assurer un proc\u00e8s transparent et digne\u00a0\u00bb. Le porte-parole du gouvernement qui commentait en m\u00eame temps que ses coll\u00e8gues du p\u00e9trole et de l\u2019urbanisme, les &hellip;<\/p>\n","protected":false},"author":2,"featured_media":3876,"comment_status":"open","ping_status":"open","sticky":false,"template":"","format":"standard","meta":{"footnotes":""},"categories":[18],"tags":[],"class_list":["post-3875","post","type-post","status-publish","format-standard","has-post-thumbnail","hentry","category-actualites"],"_links":{"self":[{"href":"https:\/\/ladepeche.mr\/index.php?rest_route=\/wp\/v2\/posts\/3875","targetHints":{"allow":["GET"]}}],"collection":[{"href":"https:\/\/ladepeche.mr\/index.php?rest_route=\/wp\/v2\/posts"}],"about":[{"href":"https:\/\/ladepeche.mr\/index.php?rest_route=\/wp\/v2\/types\/post"}],"author":[{"embeddable":true,"href":"https:\/\/ladepeche.mr\/index.php?rest_route=\/wp\/v2\/users\/2"}],"replies":[{"embeddable":true,"href":"https:\/\/ladepeche.mr\/index.php?rest_route=%2Fwp%2Fv2%2Fcomments&post=3875"}],"version-history":[{"count":1,"href":"https:\/\/ladepeche.mr\/index.php?rest_route=\/wp\/v2\/posts\/3875\/revisions"}],"predecessor-version":[{"id":3877,"href":"https:\/\/ladepeche.mr\/index.php?rest_route=\/wp\/v2\/posts\/3875\/revisions\/3877"}],"wp:featuredmedia":[{"embeddable":true,"href":"https:\/\/ladepeche.mr\/index.php?rest_route=\/wp\/v2\/media\/3876"}],"wp:attachment":[{"href":"https:\/\/ladepeche.mr\/index.php?rest_route=%2Fwp%2Fv2%2Fmedia&parent=3875"}],"wp:term":[{"taxonomy":"category","embeddable":true,"href":"https:\/\/ladepeche.mr\/index.php?rest_route=%2Fwp%2Fv2%2Fcategories&post=3875"},{"taxonomy":"post_tag","embeddable":true,"href":"https:\/\/ladepeche.mr\/index.php?rest_route=%2Fwp%2Fv2%2Ftags&post=3875"}],"curies":[{"name":"wp","href":"https:\/\/api.w.org\/{rel}","templated":true}]}}