{"id":3878,"date":"2023-01-25T12:31:59","date_gmt":"2023-01-25T12:31:59","guid":{"rendered":"https:\/\/ladepeche.mr\/?p=3878"},"modified":"2023-01-25T12:31:59","modified_gmt":"2023-01-25T12:31:59","slug":"deces-de-pape-amghar-dieng-president-de-la-ligue-nationale-de-football-et-vice-president-de-la-ffrim","status":"publish","type":"post","link":"https:\/\/ladepeche.mr\/?p=3878","title":{"rendered":"D\u00e9c\u00e8s de Pape Amghar Dieng, pr\u00e9sident de la Ligue nationale de football et vice-pr\u00e9sident de la FFRIM"},"content":{"rendered":"<p>Pape Amghar Dieng est d\u00e9c\u00e9d\u00e9 dans la nuit de mardi \u00e0 mercredi, \u00e0 Oran, en Alg\u00e9rie, a annonc\u00e9 la F\u00e9d\u00e9ration mauritanienne de football (FFRIM). Pape Amghar Dieng \u00e9tait vice-pr\u00e9sident de la FFRIM. Il \u00e9tait \u00e9galement pr\u00e9sident de la Ligue nationale de football.<\/p>\n<p>Pape Amghar Dieng se trouvait en Alg\u00e9rie pour accomplir \u00ab un noble devoir patriotique au service de l&#8217;\u00e9quipe nationale, en tant que membre de la d\u00e9l\u00e9gation accompagnant l&#8217;\u00e9quipe nationale locale dans sa participation au championnat d&#8217;Afrique des locaux en Alg\u00e9rie \u00bb, a indiqu\u00e9 la FFRIM.<\/p>\n<p>Par Cridem Sports<\/p>\n","protected":false},"excerpt":{"rendered":"<p>Pape Amghar Dieng est d\u00e9c\u00e9d\u00e9 dans la nuit de mardi \u00e0 mercredi, \u00e0 Oran, en Alg\u00e9rie, a annonc\u00e9 la F\u00e9d\u00e9ration mauritanienne de football (FFRIM). Pape Amghar Dieng \u00e9tait vice-pr\u00e9sident de la FFRIM. Il \u00e9tait \u00e9galement pr\u00e9sident de la Ligue nationale de football. Pape Amghar Dieng se trouvait en Alg\u00e9rie pour accomplir \u00ab un noble devoir &hellip;<\/p>\n","protected":false},"author":2,"featured_media":3879,"comment_status":"open","ping_status":"open","sticky":false,"template":"","format":"standard","meta":{"footnotes":""},"categories":[17],"tags":[],"class_list":["post-3878","post","type-post","status-publish","format-standard","has-post-thumbnail","hentry","category-sports"],"_links":{"self":[{"href":"https:\/\/ladepeche.mr\/index.php?rest_route=\/wp\/v2\/posts\/3878","targetHints":{"allow":["GET"]}}],"collection":[{"href":"https:\/\/ladepeche.mr\/index.php?rest_route=\/wp\/v2\/posts"}],"about":[{"href":"https:\/\/ladepeche.mr\/index.php?rest_route=\/wp\/v2\/types\/post"}],"author":[{"embeddable":true,"href":"https:\/\/ladepeche.mr\/index.php?rest_route=\/wp\/v2\/users\/2"}],"replies":[{"embeddable":true,"href":"https:\/\/ladepeche.mr\/index.php?rest_route=%2Fwp%2Fv2%2Fcomments&post=3878"}],"version-history":[{"count":1,"href":"https:\/\/ladepeche.mr\/index.php?rest_route=\/wp\/v2\/posts\/3878\/revisions"}],"predecessor-version":[{"id":3880,"href":"https:\/\/ladepeche.mr\/index.php?rest_route=\/wp\/v2\/posts\/3878\/revisions\/3880"}],"wp:featuredmedia":[{"embeddable":true,"href":"https:\/\/ladepeche.mr\/index.php?rest_route=\/wp\/v2\/media\/3879"}],"wp:attachment":[{"href":"https:\/\/ladepeche.mr\/index.php?rest_route=%2Fwp%2Fv2%2Fmedia&parent=3878"}],"wp:term":[{"taxonomy":"category","embeddable":true,"href":"https:\/\/ladepeche.mr\/index.php?rest_route=%2Fwp%2Fv2%2Fcategories&post=3878"},{"taxonomy":"post_tag","embeddable":true,"href":"https:\/\/ladepeche.mr\/index.php?rest_route=%2Fwp%2Fv2%2Ftags&post=3878"}],"curies":[{"name":"wp","href":"https:\/\/api.w.org\/{rel}","templated":true}]}}