{"id":3883,"date":"2023-01-25T13:17:04","date_gmt":"2023-01-25T13:17:04","guid":{"rendered":"https:\/\/ladepeche.mr\/?p=3883"},"modified":"2023-01-25T13:17:50","modified_gmt":"2023-01-25T13:17:50","slug":"proces-de-lancien-president-louverture-de-la-premiere-audience-suspendue-pour-boycott-des-avocats","status":"publish","type":"post","link":"https:\/\/ladepeche.mr\/?p=3883","title":{"rendered":"Proc\u00e8s de l\u2019ancien pr\u00e9sident: L\u2019ouverture de la premi\u00e8re audience suspendue pour boycott des avocats"},"content":{"rendered":"<p>L\u2019ouverture de la premi\u00e8re audience du proc\u00e8s de l\u2019ancien pr\u00e9sident, Mohamed Ould Abdel Aziz, entam\u00e9e t\u00f4t ce matin, a \u00e9t\u00e9 suspendue, \u00e0 la mi-journ\u00e9e, \u00e0 cause du refus des avocats de se faire inspecter par les policiers \u00e0 l\u2019entr\u00e9e de la salle.<br \/>\nApr\u00e8s quelques instants de son installation, le juge Oumar Ould Mohamed Lemine qui pr\u00e9side la cour a d\u00e9cid\u00e9 de la suspendre pour un quart d\u2019heure.<br \/>\nL\u2019ancien pr\u00e9sident, Mohamed Ould Abdel Aziz, ainsi qu\u2019une dizaine de personnalit\u00e9s de son r\u00e9gime comparaissent pour r\u00e9pondre d\u2019accusations de malversations, blanchiment et d\u00e9tournement de deniers publics.<br \/>\nDes accusations que l\u2019ex-pr\u00e9sident \u00e9carte du revers de la main s\u2019estimant dans le collimateur des autorit\u00e9s actuelles qui viseraient \u00e0 le contraindre \u00e0 abandonner la politique.<\/p>\n","protected":false},"excerpt":{"rendered":"<p>L\u2019ouverture de la premi\u00e8re audience du proc\u00e8s de l\u2019ancien pr\u00e9sident, Mohamed Ould Abdel Aziz, entam\u00e9e t\u00f4t ce matin, a \u00e9t\u00e9 suspendue, \u00e0 la mi-journ\u00e9e, \u00e0 cause du refus des avocats de se faire inspecter par les policiers \u00e0 l\u2019entr\u00e9e de la salle. Apr\u00e8s quelques instants de son installation, le juge Oumar Ould Mohamed Lemine qui &hellip;<\/p>\n","protected":false},"author":2,"featured_media":3885,"comment_status":"open","ping_status":"open","sticky":false,"template":"","format":"standard","meta":{"footnotes":""},"categories":[18,1],"tags":[],"class_list":["post-3883","post","type-post","status-publish","format-standard","has-post-thumbnail","hentry","category-actualites","category-uncategorized"],"_links":{"self":[{"href":"https:\/\/ladepeche.mr\/index.php?rest_route=\/wp\/v2\/posts\/3883","targetHints":{"allow":["GET"]}}],"collection":[{"href":"https:\/\/ladepeche.mr\/index.php?rest_route=\/wp\/v2\/posts"}],"about":[{"href":"https:\/\/ladepeche.mr\/index.php?rest_route=\/wp\/v2\/types\/post"}],"author":[{"embeddable":true,"href":"https:\/\/ladepeche.mr\/index.php?rest_route=\/wp\/v2\/users\/2"}],"replies":[{"embeddable":true,"href":"https:\/\/ladepeche.mr\/index.php?rest_route=%2Fwp%2Fv2%2Fcomments&post=3883"}],"version-history":[{"count":2,"href":"https:\/\/ladepeche.mr\/index.php?rest_route=\/wp\/v2\/posts\/3883\/revisions"}],"predecessor-version":[{"id":3886,"href":"https:\/\/ladepeche.mr\/index.php?rest_route=\/wp\/v2\/posts\/3883\/revisions\/3886"}],"wp:featuredmedia":[{"embeddable":true,"href":"https:\/\/ladepeche.mr\/index.php?rest_route=\/wp\/v2\/media\/3885"}],"wp:attachment":[{"href":"https:\/\/ladepeche.mr\/index.php?rest_route=%2Fwp%2Fv2%2Fmedia&parent=3883"}],"wp:term":[{"taxonomy":"category","embeddable":true,"href":"https:\/\/ladepeche.mr\/index.php?rest_route=%2Fwp%2Fv2%2Fcategories&post=3883"},{"taxonomy":"post_tag","embeddable":true,"href":"https:\/\/ladepeche.mr\/index.php?rest_route=%2Fwp%2Fv2%2Ftags&post=3883"}],"curies":[{"name":"wp","href":"https:\/\/api.w.org\/{rel}","templated":true}]}}