{"id":3887,"date":"2023-01-26T11:24:26","date_gmt":"2023-01-26T11:24:26","guid":{"rendered":"https:\/\/ladepeche.mr\/?p=3887"},"modified":"2023-01-26T11:33:43","modified_gmt":"2023-01-26T11:33:43","slug":"affaire-de-la-decennie-reprise-du-proces-avec-la-convocation-des-temoins","status":"publish","type":"post","link":"https:\/\/ladepeche.mr\/?p=3887","title":{"rendered":"Affaire de la d\u00e9cennie: Reprise du proc\u00e8s avec la convocation de t\u00e9moins"},"content":{"rendered":"<p>Le proc\u00e8s de l\u2019ancien pr\u00e9sident et co-d\u00e9tenus dans l\u2019affaire dite de la d\u00e9cennie a repris jeudi pour le second jour cons\u00e9cutif.<br \/>\nL\u2019audience de jeudi est marqu\u00e9e par la convocation des principaux t\u00e9moins parmi les anciens collaborateurs de l\u2019ex-pr\u00e9sident, MOHAMED Ould Abdel Aziz. Il s\u2019agit de l\u2019ancien ministre de l\u2019\u00e9conomie et des finances, Mokhtar Ould Diaye, de l\u2019ancien ministre et Dg de la Snim et du Panpa, Hassena Ould Ely, et de l\u2019homme d\u2019affaires Mouhidine Mohamed Saleck Sahraoui.<\/p>\n<p>L\u2019ouverture mercredi du proc\u00e8s de l\u2019ancien pr\u00e9sident avait \u00e9t\u00e9 \u00e9maill\u00e9e par des probl\u00e8mes d\u2019organisation, une bataille proc\u00e9durale et de constitution (Ong).<br \/>\nDix sur les onze personnes incrimin\u00e9es dont l\u2019ancien pr\u00e9sident, 2 ex-chef de gouvernement dans le box des accus\u00e9s.<br \/>\nSeul l\u2019accus\u00e9 MOHAMED Lemine Bebatt, \u00e9vacu\u00e9 en Espagne, n\u2019a pas r\u00e9pondu pr\u00e9sent. Il fait d\u2019un mandat d\u2019arr\u00eat du juge.<br \/>\nL\u2019ex-pr\u00e9sident, rappelle-t-on, est poursuivi pour une s\u00e9rie d\u2019accusations dont le d\u00e9tournement, le blanchiment de deniers publics et l\u2019abus de pouvoir<\/p>\n","protected":false},"excerpt":{"rendered":"<p>Le proc\u00e8s de l\u2019ancien pr\u00e9sident et co-d\u00e9tenus dans l\u2019affaire dite de la d\u00e9cennie a repris jeudi pour le second jour cons\u00e9cutif. L\u2019audience de jeudi est marqu\u00e9e par la convocation des principaux t\u00e9moins parmi les anciens collaborateurs de l\u2019ex-pr\u00e9sident, MOHAMED Ould Abdel Aziz. Il s\u2019agit de l\u2019ancien ministre de l\u2019\u00e9conomie et des finances, Mokhtar Ould Diaye, &hellip;<\/p>\n","protected":false},"author":2,"featured_media":1435,"comment_status":"open","ping_status":"open","sticky":false,"template":"","format":"standard","meta":{"footnotes":""},"categories":[18],"tags":[],"class_list":["post-3887","post","type-post","status-publish","format-standard","has-post-thumbnail","hentry","category-actualites"],"_links":{"self":[{"href":"https:\/\/ladepeche.mr\/index.php?rest_route=\/wp\/v2\/posts\/3887","targetHints":{"allow":["GET"]}}],"collection":[{"href":"https:\/\/ladepeche.mr\/index.php?rest_route=\/wp\/v2\/posts"}],"about":[{"href":"https:\/\/ladepeche.mr\/index.php?rest_route=\/wp\/v2\/types\/post"}],"author":[{"embeddable":true,"href":"https:\/\/ladepeche.mr\/index.php?rest_route=\/wp\/v2\/users\/2"}],"replies":[{"embeddable":true,"href":"https:\/\/ladepeche.mr\/index.php?rest_route=%2Fwp%2Fv2%2Fcomments&post=3887"}],"version-history":[{"count":7,"href":"https:\/\/ladepeche.mr\/index.php?rest_route=\/wp\/v2\/posts\/3887\/revisions"}],"predecessor-version":[{"id":3894,"href":"https:\/\/ladepeche.mr\/index.php?rest_route=\/wp\/v2\/posts\/3887\/revisions\/3894"}],"wp:featuredmedia":[{"embeddable":true,"href":"https:\/\/ladepeche.mr\/index.php?rest_route=\/wp\/v2\/media\/1435"}],"wp:attachment":[{"href":"https:\/\/ladepeche.mr\/index.php?rest_route=%2Fwp%2Fv2%2Fmedia&parent=3887"}],"wp:term":[{"taxonomy":"category","embeddable":true,"href":"https:\/\/ladepeche.mr\/index.php?rest_route=%2Fwp%2Fv2%2Fcategories&post=3887"},{"taxonomy":"post_tag","embeddable":true,"href":"https:\/\/ladepeche.mr\/index.php?rest_route=%2Fwp%2Fv2%2Ftags&post=3887"}],"curies":[{"name":"wp","href":"https:\/\/api.w.org\/{rel}","templated":true}]}}