{"id":3899,"date":"2023-01-26T13:41:23","date_gmt":"2023-01-26T13:41:23","guid":{"rendered":"https:\/\/ladepeche.mr\/?p=3899"},"modified":"2023-01-26T13:41:23","modified_gmt":"2023-01-26T13:41:23","slug":"le-fmi-va-accorder-869-millions-de-dollars-de-pret-a-la-mauritanie","status":"publish","type":"post","link":"https:\/\/ladepeche.mr\/?p=3899","title":{"rendered":"Le FMI va accorder 86,9 millions de dollars de pr\u00eat \u00e0 la Mauritanie"},"content":{"rendered":"<p>Le Fonds mon\u00e9taire international (FMI) a annonc\u00e9 mercredi dans un communiqu\u00e9 avoir trouv\u00e9 un accord avec le gouvernement mauritanien en vue d&#8217;un pr\u00eat de 86,9 millions de dollars dont 21,7 millions de dollars sont imm\u00e9diatement d\u00e9caiss\u00e9s.<\/p>\n<p>L&#8217;accord a d&#8217;ores et d\u00e9j\u00e0 \u00e9t\u00e9 valid\u00e9 par le Conseil d&#8217;administration du Fonds. Le financement, sur une dur\u00e9e de 42 mois, s&#8217;inscrit dans le m\u00e9canisme \u00e9largi de cr\u00e9dit et du FMI ainsi que de sa facilit\u00e9 \u00e9largie de cr\u00e9dit et correspond \u00e0 64,40 millions de droits de tirages sp\u00e9ciaux ou DTS, l&#8217;unit\u00e9 de compte du FMI reposant sur un panier de cinq grandes devises internationales.<\/p>\n<p>Le pr\u00eat est conditionn\u00e9 \u00e0 un programme de r\u00e9formes \u00e9conomiques qui vise \u00e0 \u00abrenforcer les cadres de politiques budg\u00e9taire et mon\u00e9taire, consolider les bases d&#8217;une croissance durable et inclusive et r\u00e9duire la pauvret\u00e9\u00bb dans le pays ouest-africain, a pr\u00e9cis\u00e9 l&#8217;institution dans son communiqu\u00e9.<\/p>\n<p>\u00abUne confluence de chocs, notamment la guerre de la Russie en Ukraine et les tensions dans la r\u00e9gion, (&#8230;) a r\u00e9duit la marge de man\u0153uvre des pouvoirs publics alors que la Mauritanie doit encore faire face \u00e0 d&#8217;importants besoins en mati\u00e8re de d\u00e9veloppement humain et d&#8217;infrastructure\u00bb, a d\u00e9taill\u00e9 le directeur g\u00e9n\u00e9ral adjoint du FMI, Kenji Okamura, cit\u00e9 dans le communiqu\u00e9.<\/p>\n<p>Le pays a malgr\u00e9 tout connu une croissance soutenue en 2022, qui devrait atteindre 5,3%, avec une inflation relativement limit\u00e9e, \u00e0 11%, et qui s&#8217;est stabilis\u00e9e. La Mauritanie a \u00e9galement pu reconstituer en partie ses r\u00e9serves de change, notamment gr\u00e2ce \u00e0 une hausse des prix, en particulier du minerai de fer, une des principales ressources du pays.<\/p>\n<p>Le Figaro avec AFP via cridem<\/p>\n","protected":false},"excerpt":{"rendered":"<p>Le Fonds mon\u00e9taire international (FMI) a annonc\u00e9 mercredi dans un communiqu\u00e9 avoir trouv\u00e9 un accord avec le gouvernement mauritanien en vue d&#8217;un pr\u00eat de 86,9 millions de dollars dont 21,7 millions de dollars sont imm\u00e9diatement d\u00e9caiss\u00e9s. L&#8217;accord a d&#8217;ores et d\u00e9j\u00e0 \u00e9t\u00e9 valid\u00e9 par le Conseil d&#8217;administration du Fonds. Le financement, sur une dur\u00e9e de &hellip;<\/p>\n","protected":false},"author":2,"featured_media":3900,"comment_status":"open","ping_status":"open","sticky":false,"template":"","format":"standard","meta":{"footnotes":""},"categories":[18,2,29],"tags":[],"class_list":["post-3899","post","type-post","status-publish","format-standard","has-post-thumbnail","hentry","category-actualites","category-economie","category-monde"],"_links":{"self":[{"href":"https:\/\/ladepeche.mr\/index.php?rest_route=\/wp\/v2\/posts\/3899","targetHints":{"allow":["GET"]}}],"collection":[{"href":"https:\/\/ladepeche.mr\/index.php?rest_route=\/wp\/v2\/posts"}],"about":[{"href":"https:\/\/ladepeche.mr\/index.php?rest_route=\/wp\/v2\/types\/post"}],"author":[{"embeddable":true,"href":"https:\/\/ladepeche.mr\/index.php?rest_route=\/wp\/v2\/users\/2"}],"replies":[{"embeddable":true,"href":"https:\/\/ladepeche.mr\/index.php?rest_route=%2Fwp%2Fv2%2Fcomments&post=3899"}],"version-history":[{"count":1,"href":"https:\/\/ladepeche.mr\/index.php?rest_route=\/wp\/v2\/posts\/3899\/revisions"}],"predecessor-version":[{"id":3901,"href":"https:\/\/ladepeche.mr\/index.php?rest_route=\/wp\/v2\/posts\/3899\/revisions\/3901"}],"wp:featuredmedia":[{"embeddable":true,"href":"https:\/\/ladepeche.mr\/index.php?rest_route=\/wp\/v2\/media\/3900"}],"wp:attachment":[{"href":"https:\/\/ladepeche.mr\/index.php?rest_route=%2Fwp%2Fv2%2Fmedia&parent=3899"}],"wp:term":[{"taxonomy":"category","embeddable":true,"href":"https:\/\/ladepeche.mr\/index.php?rest_route=%2Fwp%2Fv2%2Fcategories&post=3899"},{"taxonomy":"post_tag","embeddable":true,"href":"https:\/\/ladepeche.mr\/index.php?rest_route=%2Fwp%2Fv2%2Ftags&post=3899"}],"curies":[{"name":"wp","href":"https:\/\/api.w.org\/{rel}","templated":true}]}}