{"id":3905,"date":"2023-01-26T17:58:23","date_gmt":"2023-01-26T17:58:23","guid":{"rendered":"https:\/\/ladepeche.mr\/?p=3905"},"modified":"2023-01-26T17:58:23","modified_gmt":"2023-01-26T17:58:23","slug":"proces-de-lancien-president-et-co-accuses-la-bataille-procedurale-se-poursuit-de-plus-belle","status":"publish","type":"post","link":"https:\/\/ladepeche.mr\/?p=3905","title":{"rendered":"Proc\u00e8s de l\u2019ancien pr\u00e9sident et co-accus\u00e9s : La bataille proc\u00e9durale se poursuit de plus belle"},"content":{"rendered":"<p>Le proc\u00e8s de l\u2019ancien pr\u00e9sident, Mohamed Ould Abdel Aziz, s\u2019est poursuivi pour la seconde journ\u00e9e successive avec une bataille rang\u00e9e, avec d\u2019un c\u00f4t\u00e9 la d\u00e9fense (avocats des pr\u00e9venus), et de l\u2019autre le parquet et la partie civile (avocats repr\u00e9sentant l\u2019Etat), au sujet de l\u2019opportunit\u00e9 juridico-judiciaire du maintien des pr\u00e9venus en captivit\u00e9.<br \/>\nA cet, les avocats de la d\u00e9fense se sont altern\u00e9s pour \u00e9voquer l\u2019ill\u00e9galit\u00e9 m\u00eame de la mesure de d\u00e9p\u00f4t en prison des pr\u00e9venus demandant au pr\u00e9sident de la cour leur relaxation pure et simple. Pour le repr\u00e9sentant du parquet, Mohamed Abdellahi Ould Moustapha, par contre, les demandes de lib\u00e9ration formul\u00e9es par les avocats des pr\u00e9venus sont inopin\u00e9es arguant qu\u2019il n\u2019en donnera \u00e9cho que si elle provenait du juge d\u2019instruction dans cette affaire.<br \/>\nLes d\u00e9bats se sont tendus apr\u00e8s la demande de la partie civile d\u2019intervenir au sujet de la demande de relaxation formul\u00e9e par la d\u00e9fense des pr\u00e9venus. N\u00e9anmoins, le pr\u00e9sident de la cour a finalement tranch\u00e9 en faveur des avocats de l\u2019Etat pour se prononcer sur cette pr\u00e9sentation des faits par la d\u00e9fense des pr\u00e9venus.<br \/>\nPlus d\u2019une vingtaine d\u2019avocats repr\u00e9sentants les deux parties se sont, tour \u00e0 tour, appesantis plusieurs heures durant sur ce qu\u2019ils consid\u00e8rent des griefs \u00e0 ces \u00ab anomalies \u00bb dans la proc\u00e9dure de comparution des pr\u00e9venus devant la Justice.<\/p>\n","protected":false},"excerpt":{"rendered":"<p>Le proc\u00e8s de l\u2019ancien pr\u00e9sident, Mohamed Ould Abdel Aziz, s\u2019est poursuivi pour la seconde journ\u00e9e successive avec une bataille rang\u00e9e, avec d\u2019un c\u00f4t\u00e9 la d\u00e9fense (avocats des pr\u00e9venus), et de l\u2019autre le parquet et la partie civile (avocats repr\u00e9sentant l\u2019Etat), au sujet de l\u2019opportunit\u00e9 juridico-judiciaire du maintien des pr\u00e9venus en captivit\u00e9. A cet, les avocats &hellip;<\/p>\n","protected":false},"author":2,"featured_media":1435,"comment_status":"open","ping_status":"open","sticky":false,"template":"","format":"standard","meta":{"footnotes":""},"categories":[18],"tags":[],"class_list":["post-3905","post","type-post","status-publish","format-standard","has-post-thumbnail","hentry","category-actualites"],"_links":{"self":[{"href":"https:\/\/ladepeche.mr\/index.php?rest_route=\/wp\/v2\/posts\/3905","targetHints":{"allow":["GET"]}}],"collection":[{"href":"https:\/\/ladepeche.mr\/index.php?rest_route=\/wp\/v2\/posts"}],"about":[{"href":"https:\/\/ladepeche.mr\/index.php?rest_route=\/wp\/v2\/types\/post"}],"author":[{"embeddable":true,"href":"https:\/\/ladepeche.mr\/index.php?rest_route=\/wp\/v2\/users\/2"}],"replies":[{"embeddable":true,"href":"https:\/\/ladepeche.mr\/index.php?rest_route=%2Fwp%2Fv2%2Fcomments&post=3905"}],"version-history":[{"count":1,"href":"https:\/\/ladepeche.mr\/index.php?rest_route=\/wp\/v2\/posts\/3905\/revisions"}],"predecessor-version":[{"id":3906,"href":"https:\/\/ladepeche.mr\/index.php?rest_route=\/wp\/v2\/posts\/3905\/revisions\/3906"}],"wp:featuredmedia":[{"embeddable":true,"href":"https:\/\/ladepeche.mr\/index.php?rest_route=\/wp\/v2\/media\/1435"}],"wp:attachment":[{"href":"https:\/\/ladepeche.mr\/index.php?rest_route=%2Fwp%2Fv2%2Fmedia&parent=3905"}],"wp:term":[{"taxonomy":"category","embeddable":true,"href":"https:\/\/ladepeche.mr\/index.php?rest_route=%2Fwp%2Fv2%2Fcategories&post=3905"},{"taxonomy":"post_tag","embeddable":true,"href":"https:\/\/ladepeche.mr\/index.php?rest_route=%2Fwp%2Fv2%2Ftags&post=3905"}],"curies":[{"name":"wp","href":"https:\/\/api.w.org\/{rel}","templated":true}]}}