{"id":3907,"date":"2023-01-26T19:00:09","date_gmt":"2023-01-26T19:00:09","guid":{"rendered":"https:\/\/ladepeche.mr\/?p=3907"},"modified":"2023-01-26T19:18:12","modified_gmt":"2023-01-26T19:18:12","slug":"sommet-nourrir-lafrique-la-banque-africaine-de-developpement-va-investir-10-milliards-de-dollars-pour-faire-de-lafrique-le-grenier-du-monde","status":"publish","type":"post","link":"https:\/\/ladepeche.mr\/?p=3907","title":{"rendered":"Sommet Nourrir l\u2019Afrique : la BAD va investir 10 milliards de dollars pour faire de l\u2019Afrique le grenier du monde (communiqu\u00e9)"},"content":{"rendered":"<p>Dakar, le 26 janvier 2023 \u2014 Le Groupe de la Banque africaine de d\u00e9veloppement va consacrer dix milliards de dollars au cours des cinq prochaines ann\u00e9es pour aider l\u2019Afrique \u00e0 \u00e9radiquer la faim et devenir le principal fournisseur de denr\u00e9es alimentaires pour elle-m\u00eame et pour le reste du monde. Le pr\u00e9sident du Groupe de la Banque, Akinwumi Adesina, l\u2019a annonc\u00e9 mercredi au cours du sommet africain de l\u2019alimentation Dakar 2, qui se tient \u00e0 Diamniadio, \u00e0 l\u2019est de la capitale s\u00e9n\u00e9galaise, Dakar.<\/p>\n<p>M. Adesina a appel\u00e9 les quelque 34 chefs d\u2019\u00c9tat et 70 ministres participant au Sommet aux c\u00f4t\u00e9s des repr\u00e9sentants du secteur priv\u00e9, des exploitants agricoles, des partenaires au d\u00e9veloppement et des dirigeants d\u2019entreprise \u00e0 \u00e9laborer des pactes qui assureraient la transformation de l\u2019alimentation et de l\u2019agriculture \u00e0 grande \u00e9chelle dans toute l\u2019Afrique. Il les a encourag\u00e9s \u00e0 prendre des mesures collectives pour lib\u00e9rer le potentiel agricole du continent et en faire un grenier du monde.<\/p>\n<p>Le sommet Dakar 2, qui a pour th\u00e8me \u00ab\u2009Nourrir l\u2019Afrique : souverainet\u00e9 alimentaire et r\u00e9silience\u2009\u00bb, se d\u00e9roule dans un contexte de perturbations de la cha\u00eene d\u2019approvisionnement caus\u00e9es par la pand\u00e9mie de Covid-19, le changement climatique et l\u2019invasion de l\u2019Ukraine par la Russie. Plus de mille d\u00e9l\u00e9gu\u00e9s et dignitaires y ont particip\u00e9, dont le pr\u00e9sident de l\u2019Irlande Michael D. Higgins.<\/p>\n<p>Le gouvernement du S\u00e9n\u00e9gal et le Groupe de la Banque africaine de d\u00e9veloppement coorganisent ce sommet, huit ans apr\u00e8s le premier sommet de Dakar 1, au cours duquel M. Adesina, nouvellement \u00e9lu, avait pr\u00e9sent\u00e9 la strat\u00e9gie \u00ab\u2009Nourrir l\u2019Afrique\u2009\u00bb de la Banque.<\/p>\n<p>Dans son allocution d\u2019ouverture du sommet, le pr\u00e9sident de la R\u00e9publique du S\u00e9n\u00e9gal, Macky Sall, qui est \u00e9galement le pr\u00e9sident en exercice de l\u2019Union africaine, a d\u00e9clar\u00e9 que le moment \u00e9tait venu pour le continent de se nourrir en ajoutant de la valeur et en intensifiant l\u2019utilisation de la technologie.<\/p>\n<p>M. Sall a d\u00e9clar\u00e9 : \u00ab\u2009De la ferme \u00e0 l\u2019assiette, nous avons besoin d\u2019une souverainet\u00e9 alimentaire totale, et nous devons accro\u00eetre la superficie des terres cultiv\u00e9es et l\u2019acc\u00e8s au march\u00e9 pour renforcer le commerce transfrontalier.\u2009\u00bb<\/p>\n<p>Le pr\u00e9sident de la Commission de l\u2019Union africaine, Moussa Faki Mahamat, a d\u00e9clar\u00e9 que le sommet de Dakar arrivait \u00e0 point nomm\u00e9 et apporterait des solutions innovantes pour aider l\u2019Afrique \u00e0 devenir moins d\u00e9pendante des importations de denr\u00e9es alimentaires.<\/p>\n<p>\u00ab\u2009La souverainet\u00e9 alimentaire devrait \u00eatre notre nouvelle arme de libert\u00e9\u2009\u00bb, a d\u00e9clar\u00e9 M. Mahamat \u00e0 l\u2019assembl\u00e9e. Il a exhort\u00e9 les partenaires au d\u00e9veloppement \u00e0 travailler ensemble au sein des structures existantes, telles que l\u2019Agenda 2063 et la Zone de libre-\u00e9change continentale africaine, pour une transformation durable.<\/p>\n<p>M. Mahamat a f\u00e9licit\u00e9 la Banque africaine de d\u00e9veloppement pour le d\u00e9ploiement d\u2019initiatives transformatrices, telles que la Facilit\u00e9 africaine de production alimentaire d\u2019urgence de 1,5 milliard de dollars lanc\u00e9e 2022 pour aider les pays africains \u00e0 pr\u00e9venir une \u00e9ventuelle crise alimentaire \u00e0 la suite de la guerre de la Russie en Ukraine.<\/p>\n<p>Le pr\u00e9sident du Kenya, William Ruto, a abond\u00e9 dans le m\u00eame sens : \u00ab\u2009C\u2019est une honte que 60 ans apr\u00e8s notre accession \u00e0 l\u2019ind\u00e9pendance, nous soyons r\u00e9unis pour discuter de la fa\u00e7on dont nous allons pouvoir nous nourrir. Nous pouvons et nous devons faire mieux\u2009\u00bb.<\/p>\n<p>Le pr\u00e9sident du Groupe de la Banque africaine de d\u00e9veloppement a fustig\u00e9 : \u00ab\u2009Aujourd\u2019hui, plus de 283 millions d\u2019Africains souffrent quotidiennement de la faim. C\u2019est inacceptable. Aucune m\u00e8re ne devrait avoir \u00e0 souffrir d\u2019entendre l\u2019estomac de son enfant gargouiller, jamais.\u2009\u00bb<\/p>\n<p>\u00ab\u2009Nous devons placer la barre plus haut. Nous devons rehausser notre ambition. Nous devons nous lever et nous dire : il est temps de nourrir l\u2019Afrique. Le moment est propice, et l\u2019heure est venue. Nourrir l\u2019Afrique, c\u2019est ce que nous devons faire\u2009\u00bb, a plaid\u00e9 M. Adesina.<\/p>\n<p>Le pr\u00e9sident de la banque a exhort\u00e9 les dirigeants \u00e0 transformer la volont\u00e9 politique en actions d\u00e9cisives pour assurer la s\u00e9curit\u00e9 alimentaire de l\u2019Afrique : \u00ab\u2009Nous devons soutenir fermement les exploitants agricoles, et plus particuli\u00e8rement les petits exploitants, dont la majorit\u00e9 sont des femmes, et inciter davantage de jeunes \u00e0 se lancer dans l\u2019agriculture. Et nous devons consid\u00e9rer l\u2019agriculture comme une activit\u00e9 commerciale, non comme une activit\u00e9 de d\u00e9veloppement, et renforcer le soutien au secteur priv\u00e9.\u2009\u00bb<\/p>\n<p>Le pr\u00e9sident de la R\u00e9publique d\u2019Irlande, M. Higgins, a d\u00e9clar\u00e9 qu\u2019avec une population jeune repr\u00e9sentant environ 20 % des jeunes du monde, l\u2019Afrique avait un grand potentiel. Il a d\u00e9clar\u00e9 que le reste du monde l\u2019admirerait \u00e0 l\u2019avenir.<\/p>\n<p>\u00ab\u2009Faisons de ce si\u00e8cle le si\u00e8cle de l\u2019Afrique, un si\u00e8cle qui verra le continent s\u2019affranchir de la faim\u2009\u00bb, a lanc\u00e9 M. Higgins.<\/p>\n<p>Dans son message au sommet, le secr\u00e9taire g\u00e9n\u00e9ral des Nations unies, Antonio Guterres, a reconnu que l\u2019Afrique \u00e9tait actuellement confront\u00e9e aux d\u00e9fis du changement climatique et de l\u2019ins\u00e9curit\u00e9 alimentaire, car la guerre entre la Russie et l\u2019Ukraine a fait flamber le prix des engrais et rendu leur approvisionnement difficile. <\/p>\n<p>Il a promis le soutien de l\u2019ONU pour aider l\u2019Afrique \u00e0 devenir une puissance alimentaire mondiale.<\/p>\n<p>Le pr\u00e9sident de la R\u00e9publique f\u00e9d\u00e9rale du Nig\u00e9ria, Muhammadu Buhari, a estim\u00e9 que les pays devaient offrir un meilleur soutien aux agriculteurs, consacrer une part importante du budget national \u00e0 l\u2019agriculture et inciter les jeunes et les femmes \u00e0 cultiver la terre.<\/p>\n<p>M. Buhari a d\u00e9clar\u00e9 : \u00ab\u2009Nourrir l\u2019Afrique est un imp\u00e9ratif. Nous devons veiller \u00e0 nous nourrir aujourd\u2019hui, demain et \u00e0 l\u2019avenir\u2009\u00bb.<\/p>\n<p>Le pr\u00e9sident nig\u00e9rian a f\u00e9licit\u00e9 M. Adesina et la Banque africaine de d\u00e9veloppement pour le d\u00e9ploiement de zones sp\u00e9ciales de transformation agro-industrielles sur le continent, et notamment au Nig\u00e9ria.<\/p>\n<p>\u00ab\u2009Les Zones sp\u00e9ciales de transformation agro-industrielle changent la donne en mati\u00e8re de d\u00e9veloppement structurel des secteurs agricoles, a-t-il appr\u00e9ci\u00e9. Elles nous aideront \u00e0 cr\u00e9er de la richesse, \u00e0 d\u00e9velopper des infrastructures int\u00e9gr\u00e9es autour de ces zones sp\u00e9ciales de transformation agro-industrielle, et \u00e0 ajouter de la valeur.\u2009\u00bb<\/p>\n<p>Au cours de ce sommet de trois jours, les acteurs du secteur priv\u00e9 sont appel\u00e9s \u00e0 s\u2019engager en faveur de pactes nationaux de fourniture de denr\u00e9es alimentaires et de produits agricoles, en vue d\u2019orienter les politiques, de cr\u00e9er des r\u00e9formes structurelles et d\u2019attirer les investissements du secteur priv\u00e9\u2026<\/p>\n<p>Les gouverneurs des banques centrales et les ministres des Finances devraient \u00e9laborer des m\u00e9canismes de financement pour mettre en \u0153uvre les accords sur l\u2019alimentation et l\u2019agriculture, en collaboration avec les ministres de l\u2019Agriculture, les acteurs du secteur priv\u00e9, les banques commerciales, les institutions financi\u00e8res et les partenaires et organisations multilat\u00e9raux.<\/p>\n<p>Source: BAD<br \/>\nContact : Kwasi Kpodo, media@afdb.org<\/p>\n","protected":false},"excerpt":{"rendered":"<p>Dakar, le 26 janvier 2023 \u2014 Le Groupe de la Banque africaine de d\u00e9veloppement va consacrer dix milliards de dollars au cours des cinq prochaines ann\u00e9es pour aider l\u2019Afrique \u00e0 \u00e9radiquer la faim et devenir le principal fournisseur de denr\u00e9es alimentaires pour elle-m\u00eame et pour le reste du monde. Le pr\u00e9sident du Groupe de la &hellip;<\/p>\n","protected":false},"author":2,"featured_media":1868,"comment_status":"open","ping_status":"open","sticky":false,"template":"","format":"standard","meta":{"footnotes":""},"categories":[18,29],"tags":[],"class_list":["post-3907","post","type-post","status-publish","format-standard","has-post-thumbnail","hentry","category-actualites","category-monde"],"_links":{"self":[{"href":"https:\/\/ladepeche.mr\/index.php?rest_route=\/wp\/v2\/posts\/3907","targetHints":{"allow":["GET"]}}],"collection":[{"href":"https:\/\/ladepeche.mr\/index.php?rest_route=\/wp\/v2\/posts"}],"about":[{"href":"https:\/\/ladepeche.mr\/index.php?rest_route=\/wp\/v2\/types\/post"}],"author":[{"embeddable":true,"href":"https:\/\/ladepeche.mr\/index.php?rest_route=\/wp\/v2\/users\/2"}],"replies":[{"embeddable":true,"href":"https:\/\/ladepeche.mr\/index.php?rest_route=%2Fwp%2Fv2%2Fcomments&post=3907"}],"version-history":[{"count":4,"href":"https:\/\/ladepeche.mr\/index.php?rest_route=\/wp\/v2\/posts\/3907\/revisions"}],"predecessor-version":[{"id":3914,"href":"https:\/\/ladepeche.mr\/index.php?rest_route=\/wp\/v2\/posts\/3907\/revisions\/3914"}],"wp:featuredmedia":[{"embeddable":true,"href":"https:\/\/ladepeche.mr\/index.php?rest_route=\/wp\/v2\/media\/1868"}],"wp:attachment":[{"href":"https:\/\/ladepeche.mr\/index.php?rest_route=%2Fwp%2Fv2%2Fmedia&parent=3907"}],"wp:term":[{"taxonomy":"category","embeddable":true,"href":"https:\/\/ladepeche.mr\/index.php?rest_route=%2Fwp%2Fv2%2Fcategories&post=3907"},{"taxonomy":"post_tag","embeddable":true,"href":"https:\/\/ladepeche.mr\/index.php?rest_route=%2Fwp%2Fv2%2Ftags&post=3907"}],"curies":[{"name":"wp","href":"https:\/\/api.w.org\/{rel}","templated":true}]}}