{"id":3910,"date":"2023-01-26T20:03:37","date_gmt":"2023-01-26T20:03:37","guid":{"rendered":"https:\/\/ladepeche.mr\/?p=3910"},"modified":"2023-01-26T18:06:43","modified_gmt":"2023-01-26T18:06:43","slug":"mauritanie-des-orpailleurs-tues-a-lest-du-mur-des-sables","status":"publish","type":"post","link":"https:\/\/ladepeche.mr\/?p=3910","title":{"rendered":"Mauritanie : Des orpailleurs tu\u00e9s \u00e0 l\u2019Est du Mur des sables"},"content":{"rendered":"<p>Au moins trois orpailleurs mauritaniens tu\u00e9s, pr\u00e8s de la localit\u00e9 de \u00abZ\u2019Goula\u00bb, situ\u00e9e \u00e0 l\u2019Est du Mur des sables \u00e9rig\u00e9 par les Forces arm\u00e9es royales (FAR), indiquent des m\u00e9dias locaux. Les m\u00eames sources attribuent leurs morts \u00e0 une frappe effectu\u00e9e par un drone des FAR. L\u2019op\u00e9ration a caus\u00e9 \u00e9galement trois bless\u00e9s parmi les chercheurs d\u2019or mauritaniens, qui se d\u00e9pla\u00e7aient dans la zone \u00e0 bord d\u2019un camion.<\/p>\n<p>Pour rappel, le pr\u00e9sident Mohamed Cheikh Ould El Ghazouani a exhort\u00e9, le 27 d\u00e9cembre dernier, les orpailleurs \u00e0 \u00abrespecter les r\u00e8gles l\u00e9gales de pr\u00e9servation des vies et de ne pas s\u2019exposer aux dangers\u00bb. Le chef d\u2019Etat a ordonn\u00e9 aux \u00abautorit\u00e9s administratives, militaires et s\u00e9curitaires concern\u00e9es \u00e0 exercer strictement leurs fonctions et \u00e0 appliquer les d\u00e9cisions rendues sans h\u00e9sitation ni favoritisme\u00bb.<\/p>\n<p>Pour limiter le nombre de personnes tu\u00e9es dans des frappes attribu\u00e9es aux drones des Forces arm\u00e9es royales (FAR) ou \u00e0 des tirs effectu\u00e9s par des \u00e9l\u00e9ments de l&#8217;arm\u00e9e alg\u00e9rienne, les autorit\u00e9s mauritaniennes avaient proc\u00e9d\u00e9, en novembre 2022, \u00e0 des arrestations dans les rangs des orpailleurs.<br \/>\nhttps:\/\/www.yabiladi.com\/articles\/details\/136363\/mauritanie-orpailleurs-tues-l-est-sables.html<\/p>\n","protected":false},"excerpt":{"rendered":"<p>Au moins trois orpailleurs mauritaniens tu\u00e9s, pr\u00e8s de la localit\u00e9 de \u00abZ\u2019Goula\u00bb, situ\u00e9e \u00e0 l\u2019Est du Mur des sables \u00e9rig\u00e9 par les Forces arm\u00e9es royales (FAR), indiquent des m\u00e9dias locaux. Les m\u00eames sources attribuent leurs morts \u00e0 une frappe effectu\u00e9e par un drone des FAR. L\u2019op\u00e9ration a caus\u00e9 \u00e9galement trois bless\u00e9s parmi les chercheurs d\u2019or &hellip;<\/p>\n","protected":false},"author":2,"featured_media":3911,"comment_status":"open","ping_status":"open","sticky":false,"template":"","format":"standard","meta":{"footnotes":""},"categories":[18,29],"tags":[],"class_list":["post-3910","post","type-post","status-publish","format-standard","has-post-thumbnail","hentry","category-actualites","category-monde"],"_links":{"self":[{"href":"https:\/\/ladepeche.mr\/index.php?rest_route=\/wp\/v2\/posts\/3910","targetHints":{"allow":["GET"]}}],"collection":[{"href":"https:\/\/ladepeche.mr\/index.php?rest_route=\/wp\/v2\/posts"}],"about":[{"href":"https:\/\/ladepeche.mr\/index.php?rest_route=\/wp\/v2\/types\/post"}],"author":[{"embeddable":true,"href":"https:\/\/ladepeche.mr\/index.php?rest_route=\/wp\/v2\/users\/2"}],"replies":[{"embeddable":true,"href":"https:\/\/ladepeche.mr\/index.php?rest_route=%2Fwp%2Fv2%2Fcomments&post=3910"}],"version-history":[{"count":1,"href":"https:\/\/ladepeche.mr\/index.php?rest_route=\/wp\/v2\/posts\/3910\/revisions"}],"predecessor-version":[{"id":3912,"href":"https:\/\/ladepeche.mr\/index.php?rest_route=\/wp\/v2\/posts\/3910\/revisions\/3912"}],"wp:featuredmedia":[{"embeddable":true,"href":"https:\/\/ladepeche.mr\/index.php?rest_route=\/wp\/v2\/media\/3911"}],"wp:attachment":[{"href":"https:\/\/ladepeche.mr\/index.php?rest_route=%2Fwp%2Fv2%2Fmedia&parent=3910"}],"wp:term":[{"taxonomy":"category","embeddable":true,"href":"https:\/\/ladepeche.mr\/index.php?rest_route=%2Fwp%2Fv2%2Fcategories&post=3910"},{"taxonomy":"post_tag","embeddable":true,"href":"https:\/\/ladepeche.mr\/index.php?rest_route=%2Fwp%2Fv2%2Ftags&post=3910"}],"curies":[{"name":"wp","href":"https:\/\/api.w.org\/{rel}","templated":true}]}}