{"id":3930,"date":"2023-01-27T10:38:08","date_gmt":"2023-01-27T10:38:08","guid":{"rendered":"https:\/\/ladepeche.mr\/?p=3930"},"modified":"2023-01-27T10:38:08","modified_gmt":"2023-01-27T10:38:08","slug":"mali-vers-un-report-des-elections","status":"publish","type":"post","link":"https:\/\/ladepeche.mr\/?p=3930","title":{"rendered":"Mali: vers un report des \u00e9lections?"},"content":{"rendered":"<p>Au Mali, va-t-on vers un report des \u00e9lections ? Le 23 janvier, le ministre malien de l&#8217;Administration territoriale, le colonel Abdoulaye Ma\u00efga, a pr\u00e9sid\u00e9 le Comit\u00e9 de pilotage du r\u00e9f\u00e9rendum et des \u00e9lections g\u00e9n\u00e9rales. La r\u00e9union s&#8217;est tenue au si\u00e8ge de la toute nouvelle Autorit\u00e9 ind\u00e9pendante de gestion des \u00e9lections (Aige), install\u00e9e il y a tout juste deux semaines. Cette r\u00e9union a \u00e9t\u00e9 l&#8217;occasion d&#8217;afficher la volont\u00e9 gouvernementale d&#8217;organiser des \u00e9lections, mais aussi de pr\u00e9parer l&#8217;opinion \u00e0 un \u00e9ventuel report.<br \/>\n\u00ab Les \u00e9lections auront lieu, le retour \u00e0 l&#8217;ordre constitutionnel demeure une vision cardinale. \u00bb Le colonel Abdoulaye Ma\u00efga, ministre de l&#8217;Administration territoriale, est en revanche moins cat\u00e9gorique sur le respect du calendrier annonc\u00e9 par les autorit\u00e9s de transition et valid\u00e9 par la C\u00e9d\u00e9ao apr\u00e8s de longues n\u00e9gociations qui avaient permis en juillet 2022 la lev\u00e9e des sanctions qui frappaient le pays.<\/p>\n<p>\u00ab Le chronogramme est un document de planification [&#8230;] S&#8217;il y a des modifications ou des annonces \u00e0 faire \u00bb, a \u00e9galement d\u00e9clar\u00e9 le ministre devant la presse locale \u00e0 l&#8217;occasion de cette r\u00e9union, ce sera au terme d&#8217;\u00e9changes avec \u00ab les plus hautes autorit\u00e9s \u00bb et avec la nouvelle Autorit\u00e9 ind\u00e9pendante de gestion des \u00e9lections (Aige).<\/p>\n<p>\u00ab \u00c9normes difficult\u00e9s \u00bb<br \/>\nLe pr\u00e9sident de l&#8217;Aige, ma\u00eetre Moustapha Ciss\u00e9, a quant \u00e0 lui \u00e9num\u00e9r\u00e9 les \u00ab \u00e9normes difficult\u00e9s \u00bb auxquelles il est justement confront\u00e9 : \u00ab Contraintes de temps, de s\u00e9curisation du territoire, et d&#8217;autres questions en cours de traitement comme l&#8217;utilisation de la carte d&#8217;identit\u00e9 biom\u00e9trique, le vote des forces de s\u00e9curit\u00e9 et celui des d\u00e9plac\u00e9s. \u00bb<\/p>\n<p>Pour certains, ces d\u00e9clarations visent \u00e0 pr\u00e9parer l&#8217;opinion \u00e0 un \u00e9ventuel report des \u00e9lections. \u00ab La junte s&#8217;achemine vers un report, estime Isma\u00ebl Sacko, pr\u00e9sident du PSDA et vice-pr\u00e9sident de la plateforme d&#8217;opposition Jigiya Koura. Mais ils veulent que d&#8217;autres le disent pour ne pas \u00eatre accus\u00e9s de ne pas avoir tenu leurs engagements \u00bb.<br \/>\nLire la suite sur: https:\/\/www.rfi.fr\/fr\/afrique\/20230126-mali-vers-un-report-des-%C3%A9lections?_ope=eyJndWlkIjoiOTMwMjIwNGY3ZmZhNzMxODU0NDI3OTA1ZjdiOTc4NGUifQ%3D%3D<\/p>\n<p>Photo LDM<\/p>\n","protected":false},"excerpt":{"rendered":"<p>Au Mali, va-t-on vers un report des \u00e9lections ? Le 23 janvier, le ministre malien de l&#8217;Administration territoriale, le colonel Abdoulaye Ma\u00efga, a pr\u00e9sid\u00e9 le Comit\u00e9 de pilotage du r\u00e9f\u00e9rendum et des \u00e9lections g\u00e9n\u00e9rales. La r\u00e9union s&#8217;est tenue au si\u00e8ge de la toute nouvelle Autorit\u00e9 ind\u00e9pendante de gestion des \u00e9lections (Aige), install\u00e9e il y a &hellip;<\/p>\n","protected":false},"author":2,"featured_media":3476,"comment_status":"open","ping_status":"open","sticky":false,"template":"","format":"standard","meta":{"footnotes":""},"categories":[29,28],"tags":[],"class_list":["post-3930","post","type-post","status-publish","format-standard","has-post-thumbnail","hentry","category-monde","category-sahel"],"_links":{"self":[{"href":"https:\/\/ladepeche.mr\/index.php?rest_route=\/wp\/v2\/posts\/3930","targetHints":{"allow":["GET"]}}],"collection":[{"href":"https:\/\/ladepeche.mr\/index.php?rest_route=\/wp\/v2\/posts"}],"about":[{"href":"https:\/\/ladepeche.mr\/index.php?rest_route=\/wp\/v2\/types\/post"}],"author":[{"embeddable":true,"href":"https:\/\/ladepeche.mr\/index.php?rest_route=\/wp\/v2\/users\/2"}],"replies":[{"embeddable":true,"href":"https:\/\/ladepeche.mr\/index.php?rest_route=%2Fwp%2Fv2%2Fcomments&post=3930"}],"version-history":[{"count":1,"href":"https:\/\/ladepeche.mr\/index.php?rest_route=\/wp\/v2\/posts\/3930\/revisions"}],"predecessor-version":[{"id":3931,"href":"https:\/\/ladepeche.mr\/index.php?rest_route=\/wp\/v2\/posts\/3930\/revisions\/3931"}],"wp:featuredmedia":[{"embeddable":true,"href":"https:\/\/ladepeche.mr\/index.php?rest_route=\/wp\/v2\/media\/3476"}],"wp:attachment":[{"href":"https:\/\/ladepeche.mr\/index.php?rest_route=%2Fwp%2Fv2%2Fmedia&parent=3930"}],"wp:term":[{"taxonomy":"category","embeddable":true,"href":"https:\/\/ladepeche.mr\/index.php?rest_route=%2Fwp%2Fv2%2Fcategories&post=3930"},{"taxonomy":"post_tag","embeddable":true,"href":"https:\/\/ladepeche.mr\/index.php?rest_route=%2Fwp%2Fv2%2Ftags&post=3930"}],"curies":[{"name":"wp","href":"https:\/\/api.w.org\/{rel}","templated":true}]}}