{"id":3939,"date":"2023-01-27T22:20:58","date_gmt":"2023-01-27T22:20:58","guid":{"rendered":"https:\/\/ladepeche.mr\/?p=3939"},"modified":"2023-01-27T20:37:38","modified_gmt":"2023-01-27T20:37:38","slug":"disparition-de-feu-mohamed-moctar-ould-bah-macky-sall-exprime-sa-compassion-avec-les-mauritaniens","status":"publish","type":"post","link":"https:\/\/ladepeche.mr\/?p=3939","title":{"rendered":"Disparition de feu Mohamed Moctar Ould Bah : Macky Sall exprime sa compassion avec les Mauritaniens"},"content":{"rendered":"<p>Le pr\u00e9sident s\u00e9n\u00e9galais Macky Sall a d\u00e9p\u00eache vendredi une forte d\u00e9l\u00e9gation de son gouvernement pour pr\u00e9senter ses condol\u00e9ances au Chef de l\u2019Etat, Mohamed Ould Ghazouani, et \u00e0 la famille de l\u2019illustre d\u00e9funt, feu Mohamed Moctar Ould Bah.<br \/>\nLa d\u00e9l\u00e9gation s\u00e9n\u00e9galaise re\u00e7ue par le pr\u00e9sident de la R\u00e9publique se composait du ministre s\u00e9n\u00e9galais des forces arm\u00e9es, Sidiki Kaba qui lui a remis un message de condol\u00e9ances \u00e9crit de Son Excellence M. Macky Sall, Pr\u00e9sident de la R\u00e9publique du S\u00e9n\u00e9gal, du ministre des infrastructures de base et du transport terrestre,  Amadou Mansour Fay, du ministre de la planification des villes, de l\u2019habitat et de la sant\u00e9 publique, Abdoulay Sa\u00efdou Sow et de SEM Moustapha N\u2019Dour, ambassadeur du S\u00e9n\u00e9gal en Mauritanie.<br \/>\nA l\u2019issue de l\u2019audience, le chef de la d\u00e9l\u00e9gation s\u00e9n\u00e9galaise a indiqu\u00e9 avoir transmis au pr\u00e9sident de la R\u00e9publique, Mohamed Ould Ghazouani, un message de compassion et de solidarit\u00e9 du gouvernement et du Peuple s\u00e9n\u00e9galais avec notre pays suite au d\u00e9c\u00e8s survenu dimanche \u00e0 Nouakchott de l\u2019\u00e9rudit Mohamed Moctar Ould Bah.<\/p>\n","protected":false},"excerpt":{"rendered":"<p>Le pr\u00e9sident s\u00e9n\u00e9galais Macky Sall a d\u00e9p\u00eache vendredi une forte d\u00e9l\u00e9gation de son gouvernement pour pr\u00e9senter ses condol\u00e9ances au Chef de l\u2019Etat, Mohamed Ould Ghazouani, et \u00e0 la famille de l\u2019illustre d\u00e9funt, feu Mohamed Moctar Ould Bah. La d\u00e9l\u00e9gation s\u00e9n\u00e9galaise re\u00e7ue par le pr\u00e9sident de la R\u00e9publique se composait du ministre s\u00e9n\u00e9galais des forces arm\u00e9es, &hellip;<\/p>\n","protected":false},"author":2,"featured_media":3940,"comment_status":"open","ping_status":"open","sticky":false,"template":"","format":"standard","meta":{"footnotes":""},"categories":[18,29],"tags":[],"class_list":["post-3939","post","type-post","status-publish","format-standard","has-post-thumbnail","hentry","category-actualites","category-monde"],"_links":{"self":[{"href":"https:\/\/ladepeche.mr\/index.php?rest_route=\/wp\/v2\/posts\/3939","targetHints":{"allow":["GET"]}}],"collection":[{"href":"https:\/\/ladepeche.mr\/index.php?rest_route=\/wp\/v2\/posts"}],"about":[{"href":"https:\/\/ladepeche.mr\/index.php?rest_route=\/wp\/v2\/types\/post"}],"author":[{"embeddable":true,"href":"https:\/\/ladepeche.mr\/index.php?rest_route=\/wp\/v2\/users\/2"}],"replies":[{"embeddable":true,"href":"https:\/\/ladepeche.mr\/index.php?rest_route=%2Fwp%2Fv2%2Fcomments&post=3939"}],"version-history":[{"count":1,"href":"https:\/\/ladepeche.mr\/index.php?rest_route=\/wp\/v2\/posts\/3939\/revisions"}],"predecessor-version":[{"id":3941,"href":"https:\/\/ladepeche.mr\/index.php?rest_route=\/wp\/v2\/posts\/3939\/revisions\/3941"}],"wp:featuredmedia":[{"embeddable":true,"href":"https:\/\/ladepeche.mr\/index.php?rest_route=\/wp\/v2\/media\/3940"}],"wp:attachment":[{"href":"https:\/\/ladepeche.mr\/index.php?rest_route=%2Fwp%2Fv2%2Fmedia&parent=3939"}],"wp:term":[{"taxonomy":"category","embeddable":true,"href":"https:\/\/ladepeche.mr\/index.php?rest_route=%2Fwp%2Fv2%2Fcategories&post=3939"},{"taxonomy":"post_tag","embeddable":true,"href":"https:\/\/ladepeche.mr\/index.php?rest_route=%2Fwp%2Fv2%2Ftags&post=3939"}],"curies":[{"name":"wp","href":"https:\/\/api.w.org\/{rel}","templated":true}]}}