{"id":3942,"date":"2023-01-27T23:00:58","date_gmt":"2023-01-27T23:00:58","guid":{"rendered":"https:\/\/ladepeche.mr\/?p=3942"},"modified":"2023-01-27T20:52:01","modified_gmt":"2023-01-27T20:52:01","slug":"recettes-douanieres-soixante-milliards-mro-de-plus-que-lannee-derniere-ministre","status":"publish","type":"post","link":"https:\/\/ladepeche.mr\/?p=3942","title":{"rendered":"Recettes Douani\u00e8res : Soixante milliards MRO de plus que l\u2019ann\u00e9e derni\u00e8re (ministre)"},"content":{"rendered":"<p>Les recettes douani\u00e8res de 301 milliards MRO enregistrent une hausse de 60 milliards comparativement \u00e0 celles de l\u2019ann\u00e9e derni\u00e8re, a r\u00e9v\u00e9l\u00e9 le ministre des finances, <strong>Isselmou Ould Mohamed M\u2019Bady <\/strong>(photo)<\/strong>, qui pr\u00e9sidait la c\u00e9l\u00e9bration de la f\u00eate de la journ\u00e9e internationale des douanes, le 26 janvier 2023.<br \/>\nPar ailleurs, l\u2019introduction de nouvelles applications technologiques a contribu\u00e9 \u00e0 am\u00e9liorer et le climat des affaires et la cadence des \u00e9changes commerciaux. Ces derniers connaissent d\u00e9sormais une c\u00e9l\u00e9rit\u00e9 avec \u00ab la gestion automatis\u00e9e des litiges douaniers, des exon\u00e9rations, du contr\u00f4le de la valeur douani\u00e8re, de la dette fiscale et de l\u2019enregistrement \u00e0 distance des donn\u00e9es de chargement \u00bb a-t-il dit. Ces am\u00e9liorations impactent positivement le climat des affaires notamment avec \u00e0 la mise en \u0153uvre de l\u2019accord de partenariat avec la Communaut\u00e9 \u00e9conomique des \u00c9tats de l\u2019Afrique de l\u2019Ouest (CEDEAO).<br \/>\nN\u00e9anmoins, le ministre a insist\u00e9 sur le besoin d&#8217;am\u00e9lioration de la qualit\u00e9 des ressources humaines, en termes de recrutement et de formation, ainsi que sur les besoins en infrastructures douani\u00e8res ad\u00e9quates.<\/p>\n","protected":false},"excerpt":{"rendered":"<p>Les recettes douani\u00e8res de 301 milliards MRO enregistrent une hausse de 60 milliards comparativement \u00e0 celles de l\u2019ann\u00e9e derni\u00e8re, a r\u00e9v\u00e9l\u00e9 le ministre des finances, Isselmou Ould Mohamed M\u2019Bady (photo), qui pr\u00e9sidait la c\u00e9l\u00e9bration de la f\u00eate de la journ\u00e9e internationale des douanes, le 26 janvier 2023. Par ailleurs, l\u2019introduction de nouvelles applications technologiques a &hellip;<\/p>\n","protected":false},"author":2,"featured_media":3943,"comment_status":"open","ping_status":"open","sticky":false,"template":"","format":"standard","meta":{"footnotes":""},"categories":[18,2,29],"tags":[],"class_list":["post-3942","post","type-post","status-publish","format-standard","has-post-thumbnail","hentry","category-actualites","category-economie","category-monde"],"_links":{"self":[{"href":"https:\/\/ladepeche.mr\/index.php?rest_route=\/wp\/v2\/posts\/3942","targetHints":{"allow":["GET"]}}],"collection":[{"href":"https:\/\/ladepeche.mr\/index.php?rest_route=\/wp\/v2\/posts"}],"about":[{"href":"https:\/\/ladepeche.mr\/index.php?rest_route=\/wp\/v2\/types\/post"}],"author":[{"embeddable":true,"href":"https:\/\/ladepeche.mr\/index.php?rest_route=\/wp\/v2\/users\/2"}],"replies":[{"embeddable":true,"href":"https:\/\/ladepeche.mr\/index.php?rest_route=%2Fwp%2Fv2%2Fcomments&post=3942"}],"version-history":[{"count":3,"href":"https:\/\/ladepeche.mr\/index.php?rest_route=\/wp\/v2\/posts\/3942\/revisions"}],"predecessor-version":[{"id":3946,"href":"https:\/\/ladepeche.mr\/index.php?rest_route=\/wp\/v2\/posts\/3942\/revisions\/3946"}],"wp:featuredmedia":[{"embeddable":true,"href":"https:\/\/ladepeche.mr\/index.php?rest_route=\/wp\/v2\/media\/3943"}],"wp:attachment":[{"href":"https:\/\/ladepeche.mr\/index.php?rest_route=%2Fwp%2Fv2%2Fmedia&parent=3942"}],"wp:term":[{"taxonomy":"category","embeddable":true,"href":"https:\/\/ladepeche.mr\/index.php?rest_route=%2Fwp%2Fv2%2Fcategories&post=3942"},{"taxonomy":"post_tag","embeddable":true,"href":"https:\/\/ladepeche.mr\/index.php?rest_route=%2Fwp%2Fv2%2Ftags&post=3942"}],"curies":[{"name":"wp","href":"https:\/\/api.w.org\/{rel}","templated":true}]}}