{"id":3952,"date":"2023-01-28T15:01:37","date_gmt":"2023-01-28T15:01:37","guid":{"rendered":"https:\/\/ladepeche.mr\/?p=3952"},"modified":"2023-01-28T15:01:37","modified_gmt":"2023-01-28T15:01:37","slug":"elections-debut-imperceptible-des-operations-du-ravel","status":"publish","type":"post","link":"https:\/\/ladepeche.mr\/?p=3952","title":{"rendered":"Elections : D\u00e9but imperceptible des op\u00e9rations du Ravel"},"content":{"rendered":"<p>En pr\u00e9lude \u00e0 l\u2019organisation d\u2019\u00e9lections g\u00e9n\u00e9rales dans le pays, pr\u00e9vues le 13 mai 2023, le Tagant semble donner samedi le coup d&#8217;envoi des op\u00e9rations de recensement administratif \u00e0 vocation \u00e9lectorale, constate-t-on sur le site de l\u2019agence mauritanienne d\u2019information.<br \/>\nCe recensement, le premier depuis le dernier RAVEL de 2013, concerne tous les mauritaniens \u00e2g\u00e9s de 18 ans r\u00e9volus qui devraient s\u2019inscrire sur les listes \u00e9lectorales.<br \/>\nPour ce faire, les autorit\u00e9s politiques avaient en d\u00e9cembre dernier de proroger la validit\u00e9 de l\u2019ancienne carte d\u2019identit\u00e9 nationale \u2013devenue caduque- jusqu\u2019\u00e0 la date du 31 d\u00e9cembre 2024.<br \/>\nSur une population estim\u00e9e \u00e0 plus de 4 millions d\u2019habitants, pr\u00e8s d\u2019un million et demi d\u2019individus \u00e9taient recens\u00e9s sur la liste \u00e9lectorale pour la derni\u00e8re \u00e9lection pr\u00e9sidentielle de 2019, rappelle-t-on.<br \/>\nLes autorit\u00e9s politiques du pays avaient, par ailleurs, approuv\u00e9 le chronogramme pour les futures \u00e9lections g\u00e9n\u00e9rales (Parlement, conseils r\u00e9gionaux et municipaux) dont le premier tour est fix\u00e9 \u00e0 samedi 13 mai 2023 et pour les ballotages, samedi 27 mai 2023.<\/p>\n","protected":false},"excerpt":{"rendered":"<p>En pr\u00e9lude \u00e0 l\u2019organisation d\u2019\u00e9lections g\u00e9n\u00e9rales dans le pays, pr\u00e9vues le 13 mai 2023, le Tagant semble donner samedi le coup d&#8217;envoi des op\u00e9rations de recensement administratif \u00e0 vocation \u00e9lectorale, constate-t-on sur le site de l\u2019agence mauritanienne d\u2019information. Ce recensement, le premier depuis le dernier RAVEL de 2013, concerne tous les mauritaniens \u00e2g\u00e9s de 18 &hellip;<\/p>\n","protected":false},"author":2,"featured_media":3953,"comment_status":"open","ping_status":"open","sticky":false,"template":"","format":"standard","meta":{"footnotes":""},"categories":[18],"tags":[],"class_list":["post-3952","post","type-post","status-publish","format-standard","has-post-thumbnail","hentry","category-actualites"],"_links":{"self":[{"href":"https:\/\/ladepeche.mr\/index.php?rest_route=\/wp\/v2\/posts\/3952","targetHints":{"allow":["GET"]}}],"collection":[{"href":"https:\/\/ladepeche.mr\/index.php?rest_route=\/wp\/v2\/posts"}],"about":[{"href":"https:\/\/ladepeche.mr\/index.php?rest_route=\/wp\/v2\/types\/post"}],"author":[{"embeddable":true,"href":"https:\/\/ladepeche.mr\/index.php?rest_route=\/wp\/v2\/users\/2"}],"replies":[{"embeddable":true,"href":"https:\/\/ladepeche.mr\/index.php?rest_route=%2Fwp%2Fv2%2Fcomments&post=3952"}],"version-history":[{"count":1,"href":"https:\/\/ladepeche.mr\/index.php?rest_route=\/wp\/v2\/posts\/3952\/revisions"}],"predecessor-version":[{"id":3954,"href":"https:\/\/ladepeche.mr\/index.php?rest_route=\/wp\/v2\/posts\/3952\/revisions\/3954"}],"wp:featuredmedia":[{"embeddable":true,"href":"https:\/\/ladepeche.mr\/index.php?rest_route=\/wp\/v2\/media\/3953"}],"wp:attachment":[{"href":"https:\/\/ladepeche.mr\/index.php?rest_route=%2Fwp%2Fv2%2Fmedia&parent=3952"}],"wp:term":[{"taxonomy":"category","embeddable":true,"href":"https:\/\/ladepeche.mr\/index.php?rest_route=%2Fwp%2Fv2%2Fcategories&post=3952"},{"taxonomy":"post_tag","embeddable":true,"href":"https:\/\/ladepeche.mr\/index.php?rest_route=%2Fwp%2Fv2%2Ftags&post=3952"}],"curies":[{"name":"wp","href":"https:\/\/api.w.org\/{rel}","templated":true}]}}