{"id":3960,"date":"2023-01-29T19:27:10","date_gmt":"2023-01-29T19:27:10","guid":{"rendered":"https:\/\/ladepeche.mr\/?p=3960"},"modified":"2023-01-29T19:33:44","modified_gmt":"2023-01-29T19:33:44","slug":"proces-de-lancien-president-les-avocats-de-letat-souhaitent-que-la-bataille-procedurale-soit-ecourtee-par-la-cour","status":"publish","type":"post","link":"https:\/\/ladepeche.mr\/?p=3960","title":{"rendered":"Proc\u00e8s de l\u2019ancien pr\u00e9sident : Les Avocats de l\u2019Etat souhaitent que la bataille proc\u00e9durale soit \u00e9court\u00e9e par la Cour"},"content":{"rendered":"<p>Dans une conf\u00e9rence de presse, tenue dimanche en fin d\u2019apr\u00e8s-midi, \u00e0 Nouakchott, le collectif d\u2019avocats de l\u2019Etat, partie civile au proc\u00e8s de l\u2019ancien pr\u00e9sident, Mohamed Ould Abdel Aziz, a clairement souhait\u00e9 que la bataille proc\u00e9durale soit \u00e9court\u00e9e par la cour.<br \/>\nSelon les avocats de la partie civile, en effet, l\u2019imbroglio de la proc\u00e9dure qui serait une \u00abstrat\u00e9gie \u00bb et une \u00ab tactique \u00bb de la d\u00e9fense de l\u2019ancien pr\u00e9sident, pour retarder le plus longtemps possible, le d\u00e9bat sur les questions de fond, n\u2019aurait d\u2019autre objectif que d\u2019en ajourner ind\u00e9finiment l\u2019\u00e9pilogue.<br \/>\nLa d\u00e9fense de l\u2019ex-pr\u00e9sident se trouve elle aussi accus\u00e9e de mener &#8220;une offensive et m\u00eame une gu\u00e9rilla \u00bb proc\u00e9durale en vue d\u2019une \u00ab crispation du proc\u00e8s \u00bb souligne Me L\u00f4 Gourmo.<br \/>\nPar ailleurs, les avocats de l\u2019Etat ont assur\u00e9 que la proc\u00e9dure jusqu\u2019ici suivie par le parquet contre l\u2019ancien pr\u00e9sident est licite compte-tenu des dispositions de l\u2019article 153 du code de proc\u00e9dure p\u00e9nale. Celui-ci pr\u00e9voirait l\u2019arrestation de l\u2019ancien pr\u00e9sident, la veille de son proc\u00e8s.<br \/>\nPour les avocats de la partie civile, le parquet aurait m\u00eame fait preuve de biens\u00e9ance en \u00e9vitant de mettre l\u2019ancien pr\u00e9sident \u00e0 la prison civile ou de tra\u00eener les membres de sa famille accus\u00e9s dans cette m\u00eame affaire.<br \/>\nIls ont, en outre, rejet\u00e9 la terminologie utilis\u00e9e par les avocats de la d\u00e9fense qui arguent du \u00ab rapt \u00bb de l\u2019ancien pr\u00e9sident et le proc\u00e8s est pr\u00e9sent\u00e9e comme une affaire \u00ab de complot politique \u00bb dans l\u2019intention d\u00e9lib\u00e9r\u00e9e de faire confusion.<br \/>\nEn apparence, la partie civile, mise \u00e0 mal les avocats de l\u2019ancien chef de l\u2019Etat, Mohamed Ould Abdel Aziz, soutenu par une communication tous azimuts, notamment sur la toile, tente de redresser la barre.<\/p>\n","protected":false},"excerpt":{"rendered":"<p>Dans une conf\u00e9rence de presse, tenue dimanche en fin d\u2019apr\u00e8s-midi, \u00e0 Nouakchott, le collectif d\u2019avocats de l\u2019Etat, partie civile au proc\u00e8s de l\u2019ancien pr\u00e9sident, Mohamed Ould Abdel Aziz, a clairement souhait\u00e9 que la bataille proc\u00e9durale soit \u00e9court\u00e9e par la cour. Selon les avocats de la partie civile, en effet, l\u2019imbroglio de la proc\u00e9dure qui serait &hellip;<\/p>\n","protected":false},"author":2,"featured_media":3961,"comment_status":"open","ping_status":"open","sticky":false,"template":"","format":"standard","meta":{"footnotes":""},"categories":[18],"tags":[],"class_list":["post-3960","post","type-post","status-publish","format-standard","has-post-thumbnail","hentry","category-actualites"],"_links":{"self":[{"href":"https:\/\/ladepeche.mr\/index.php?rest_route=\/wp\/v2\/posts\/3960","targetHints":{"allow":["GET"]}}],"collection":[{"href":"https:\/\/ladepeche.mr\/index.php?rest_route=\/wp\/v2\/posts"}],"about":[{"href":"https:\/\/ladepeche.mr\/index.php?rest_route=\/wp\/v2\/types\/post"}],"author":[{"embeddable":true,"href":"https:\/\/ladepeche.mr\/index.php?rest_route=\/wp\/v2\/users\/2"}],"replies":[{"embeddable":true,"href":"https:\/\/ladepeche.mr\/index.php?rest_route=%2Fwp%2Fv2%2Fcomments&post=3960"}],"version-history":[{"count":3,"href":"https:\/\/ladepeche.mr\/index.php?rest_route=\/wp\/v2\/posts\/3960\/revisions"}],"predecessor-version":[{"id":3964,"href":"https:\/\/ladepeche.mr\/index.php?rest_route=\/wp\/v2\/posts\/3960\/revisions\/3964"}],"wp:featuredmedia":[{"embeddable":true,"href":"https:\/\/ladepeche.mr\/index.php?rest_route=\/wp\/v2\/media\/3961"}],"wp:attachment":[{"href":"https:\/\/ladepeche.mr\/index.php?rest_route=%2Fwp%2Fv2%2Fmedia&parent=3960"}],"wp:term":[{"taxonomy":"category","embeddable":true,"href":"https:\/\/ladepeche.mr\/index.php?rest_route=%2Fwp%2Fv2%2Fcategories&post=3960"},{"taxonomy":"post_tag","embeddable":true,"href":"https:\/\/ladepeche.mr\/index.php?rest_route=%2Fwp%2Fv2%2Ftags&post=3960"}],"curies":[{"name":"wp","href":"https:\/\/api.w.org\/{rel}","templated":true}]}}