{"id":3965,"date":"2023-01-30T17:11:13","date_gmt":"2023-01-30T17:11:13","guid":{"rendered":"https:\/\/ladepeche.mr\/?p=3965"},"modified":"2023-01-30T17:11:13","modified_gmt":"2023-01-30T17:11:13","slug":"le-ministre-des-affaires-economiques-sentretient-avec-la-vice-ministre-americain-des-affaires-etrangeres-chargee-des-affaires-economiques","status":"publish","type":"post","link":"https:\/\/ladepeche.mr\/?p=3965","title":{"rendered":"Le ministre des Affaires \u00e9conomiques s&#8217;entretient avec la vice-ministre am\u00e9ricain des Affaires \u00e9trang\u00e8res,  charg\u00e9e des affaires \u00e9conomiques"},"content":{"rendered":"<p>Le ministre des Affaires \u00e9conomiques et de la Promotion des Secteurs productifs, M. Ousmane Mamoudou Kane,  a re\u00e7u en audience, lundi, dans son bureau \u00e0 Nouakchott, la vice secr\u00e9taire du bureau des affaires africaines, charg\u00e9e des affaires \u00e9conomiques r\u00e9gionales au minist\u00e8re  des   USA  pour les affaires \u00e9trang\u00e8res, Mme. Joy Basu, accompagn\u00e9e de l&#8217;ambassadrice des USA accr\u00e9dit\u00e9e  dans notre pays, Mme. Cynthia Kierschet.<\/p>\n<p>les discussions ont port\u00e9 sur les diff\u00e9rents aspects de la coop\u00e9ration entre notre Pays et les \u00c9tats-Unis d&#8217;Am\u00e9rique et les possibilit\u00e9s de les renforcer et les d\u00e9velopper, notamment dans le domaine du d\u00e9veloppement \u00e9conomique et la Promotion des Secteurs productifs.<br \/>\nL&#8217;audience s&#8217;est d\u00e9roul\u00e9e en pr\u00e9sence du secr\u00e9taire g\u00e9n\u00e9ral du minist\u00e8re, M. Yacoub Ould Ahmed Aicha et du directeur g\u00e9n\u00e9ral des financements et de la coop\u00e9ration \u00e9conomique, M. Mohamed Salem Ould Nany.<br \/>\nMAEPSP<\/p>\n","protected":false},"excerpt":{"rendered":"<p>Le ministre des Affaires \u00e9conomiques et de la Promotion des Secteurs productifs, M. Ousmane Mamoudou Kane, a re\u00e7u en audience, lundi, dans son bureau \u00e0 Nouakchott, la vice secr\u00e9taire du bureau des affaires africaines, charg\u00e9e des affaires \u00e9conomiques r\u00e9gionales au minist\u00e8re des USA pour les affaires \u00e9trang\u00e8res, Mme. Joy Basu, accompagn\u00e9e de l&#8217;ambassadrice des USA &hellip;<\/p>\n","protected":false},"author":2,"featured_media":3966,"comment_status":"open","ping_status":"open","sticky":false,"template":"","format":"standard","meta":{"footnotes":""},"categories":[18,2],"tags":[],"class_list":["post-3965","post","type-post","status-publish","format-standard","has-post-thumbnail","hentry","category-actualites","category-economie"],"_links":{"self":[{"href":"https:\/\/ladepeche.mr\/index.php?rest_route=\/wp\/v2\/posts\/3965","targetHints":{"allow":["GET"]}}],"collection":[{"href":"https:\/\/ladepeche.mr\/index.php?rest_route=\/wp\/v2\/posts"}],"about":[{"href":"https:\/\/ladepeche.mr\/index.php?rest_route=\/wp\/v2\/types\/post"}],"author":[{"embeddable":true,"href":"https:\/\/ladepeche.mr\/index.php?rest_route=\/wp\/v2\/users\/2"}],"replies":[{"embeddable":true,"href":"https:\/\/ladepeche.mr\/index.php?rest_route=%2Fwp%2Fv2%2Fcomments&post=3965"}],"version-history":[{"count":1,"href":"https:\/\/ladepeche.mr\/index.php?rest_route=\/wp\/v2\/posts\/3965\/revisions"}],"predecessor-version":[{"id":3967,"href":"https:\/\/ladepeche.mr\/index.php?rest_route=\/wp\/v2\/posts\/3965\/revisions\/3967"}],"wp:featuredmedia":[{"embeddable":true,"href":"https:\/\/ladepeche.mr\/index.php?rest_route=\/wp\/v2\/media\/3966"}],"wp:attachment":[{"href":"https:\/\/ladepeche.mr\/index.php?rest_route=%2Fwp%2Fv2%2Fmedia&parent=3965"}],"wp:term":[{"taxonomy":"category","embeddable":true,"href":"https:\/\/ladepeche.mr\/index.php?rest_route=%2Fwp%2Fv2%2Fcategories&post=3965"},{"taxonomy":"post_tag","embeddable":true,"href":"https:\/\/ladepeche.mr\/index.php?rest_route=%2Fwp%2Fv2%2Ftags&post=3965"}],"curies":[{"name":"wp","href":"https:\/\/api.w.org\/{rel}","templated":true}]}}