{"id":3968,"date":"2023-01-30T18:05:45","date_gmt":"2023-01-30T18:05:45","guid":{"rendered":"https:\/\/ladepeche.mr\/?p=3968"},"modified":"2023-01-30T18:06:14","modified_gmt":"2023-01-30T18:06:14","slug":"can2025-eclaircissement-du-president-de-la-ffrim","status":"publish","type":"post","link":"https:\/\/ladepeche.mr\/?p=3968","title":{"rendered":"Candidature pour la Can2025: \u00c9claircissement du pr\u00e9sident de la FFRIM"},"content":{"rendered":"<p>Une certaine presse m&#8217;a attribu\u00e9 d&#8217;avoir d\u00e9termin\u00e9 ma position par rapport au soutien de l&#8217;un des candidats pour l&#8217;organisation de la phase finale de la CAN 2025.<br \/>\nFace \u00e0 cette situation, je tiens \u00e0 apporter les \u00e9claircissements suivants:<br \/>\n1- De par mon statut de membre du Comit\u00e9 Ex\u00e9cutif de la CAF, je suis soumis \u00e0 l&#8217;obligation de r\u00e9serve, et je ne peux, par cons\u00e9quent, annoncer cette position que dans la cadre officiel de la CAF.<br \/>\n2-J&#8217;estime que les m\u00e9dias, par respect \u00e0 l&#8217;\u00e9thique et dans un souci d&#8217;honn\u00eatet\u00e9 et de professionnalisme, se doivent de v\u00e9rifier, plus en profondeur, les informations relatives \u00e0 des situations d&#8217;une si grande sensibilit\u00e9.<\/p>\n","protected":false},"excerpt":{"rendered":"<p>Une certaine presse m&#8217;a attribu\u00e9 d&#8217;avoir d\u00e9termin\u00e9 ma position par rapport au soutien de l&#8217;un des candidats pour l&#8217;organisation de la phase finale de la CAN 2025. Face \u00e0 cette situation, je tiens \u00e0 apporter les \u00e9claircissements suivants: 1- De par mon statut de membre du Comit\u00e9 Ex\u00e9cutif de la CAF, je suis soumis \u00e0 &hellip;<\/p>\n","protected":false},"author":2,"featured_media":3970,"comment_status":"open","ping_status":"open","sticky":false,"template":"","format":"standard","meta":{"footnotes":""},"categories":[18,17,19,1],"tags":[],"class_list":["post-3968","post","type-post","status-publish","format-standard","has-post-thumbnail","hentry","category-actualites","category-sports","category-tribune","category-uncategorized"],"_links":{"self":[{"href":"https:\/\/ladepeche.mr\/index.php?rest_route=\/wp\/v2\/posts\/3968","targetHints":{"allow":["GET"]}}],"collection":[{"href":"https:\/\/ladepeche.mr\/index.php?rest_route=\/wp\/v2\/posts"}],"about":[{"href":"https:\/\/ladepeche.mr\/index.php?rest_route=\/wp\/v2\/types\/post"}],"author":[{"embeddable":true,"href":"https:\/\/ladepeche.mr\/index.php?rest_route=\/wp\/v2\/users\/2"}],"replies":[{"embeddable":true,"href":"https:\/\/ladepeche.mr\/index.php?rest_route=%2Fwp%2Fv2%2Fcomments&post=3968"}],"version-history":[{"count":2,"href":"https:\/\/ladepeche.mr\/index.php?rest_route=\/wp\/v2\/posts\/3968\/revisions"}],"predecessor-version":[{"id":3971,"href":"https:\/\/ladepeche.mr\/index.php?rest_route=\/wp\/v2\/posts\/3968\/revisions\/3971"}],"wp:featuredmedia":[{"embeddable":true,"href":"https:\/\/ladepeche.mr\/index.php?rest_route=\/wp\/v2\/media\/3970"}],"wp:attachment":[{"href":"https:\/\/ladepeche.mr\/index.php?rest_route=%2Fwp%2Fv2%2Fmedia&parent=3968"}],"wp:term":[{"taxonomy":"category","embeddable":true,"href":"https:\/\/ladepeche.mr\/index.php?rest_route=%2Fwp%2Fv2%2Fcategories&post=3968"},{"taxonomy":"post_tag","embeddable":true,"href":"https:\/\/ladepeche.mr\/index.php?rest_route=%2Fwp%2Fv2%2Ftags&post=3968"}],"curies":[{"name":"wp","href":"https:\/\/api.w.org\/{rel}","templated":true}]}}